{"id":133308,"date":"2020-08-12T13:52:20","date_gmt":"2020-08-12T11:52:20","guid":{"rendered":"https:\/\/zjarr.tv\/?p=133308"},"modified":"2020-08-12T13:52:20","modified_gmt":"2020-08-12T11:52:20","slug":"kosove-ministria-e-shendetesise-licenson-9-laboratore-te-tjera-per-teste-serologjike","status":"publish","type":"post","link":"https:\/\/zjarr.tv\/en\/kosove-ministria-e-shendetesise-licenson-9-laboratore-te-tjera-per-teste-serologjike\/","title":{"rendered":"Kosov\u00eb: Ministria e Sh\u00ebndet\u00ebsis\u00eb licenson 9 laboratore t\u00eb tjera p\u00ebr teste serologjike"},"content":{"rendered":"<p>Ministria e Sh\u00ebndet\u00ebsis\u00eb n\u00eb Kosov\u00eb ka njoftuar t\u00eb m\u00ebrkur\u00ebn (12 gusht), se ka licensuar edhe n\u00ebnt\u00eb laboratore tjera p\u00ebr kryerjen e testeve serologjike p\u00ebr koronavirusin e ri.<\/p>\n<p>P\u00ebrmes k\u00ebtyre testeve, kuptohet n\u00ebse nj\u00eb person ka tejkaluar k\u00ebt\u00eb virus, si dhe n\u00ebse trupi ka krijuar antitrupa kund\u00ebr tij.<\/p>\n<p>Ministria ka th\u00ebn\u00eb se shtrirja e laboratoreve \u00ebsht\u00eb n\u00eb shum\u00eb qytete t\u00eb Kosov\u00ebs, duke p\u00ebrfshir\u00eb Prishtin\u00ebn, Podujev\u00ebn, Gjakov\u00ebn, Gjilanin, Malishev\u00ebn e tjera.<\/p>\n<p>Kjo Ministri u ka dh\u00ebn\u00eb leje p\u00ebr t\u00eb b\u00ebr\u00eb teste p\u00ebr s\u00ebmundjen COVID-19, q\u00eb shkakton koronavirusi edhe 29 laborator\u00ebve t\u00eb tjer\u00eb tjer\u00eb dit\u00eb m\u00eb par\u00eb.<\/p>\n<p>Prej tyre, 27 jan\u00eb licencuar p\u00ebr kryerje t\u00eb testeve serologjike dhe dy t\u00eb tjer\u00eb p\u00ebr kryerje t\u00eb testeve PCR q\u00eb p\u00ebrcaktojn\u00eb n\u00ebse virusi \u00ebsht\u00eb aktiv, duke analizuar strishot nga hunda dhe fyti.<\/p>\n<p>Kosov\u00ebs t\u00eb mart\u00ebn i jan\u00eb\u200b shtuar 171 raste t\u00eb\u200b reja me koronavirus, pas marrjes s\u00eb\u200b 463 mostrave.<\/p>\n<p>Instituti Komb\u00ebtar i Sh\u00ebndetit Publik (IKSHPK) ka njoftuar se jan\u00eb regjistruar edhe 13 viktima, duke e \u00e7uar numrin total t\u00eb t\u00eb vdekurve me koronavirus n\u00eb Kosov\u00eb n\u00eb 354.<\/p>\n<p>Sipas t\u00eb dh\u00ebnave t\u00eb k\u00ebtij Instituti t\u00eb mart\u00ebn jan\u00eb regjistruar edhe 190 raste q\u00eb kan\u00eb mposhtur virusin, derisa raste aktive aktualisht jan\u00eb 3,988.<\/p>\n<p>Prej 13 marsit, kur jan\u00eb regjistruar rastet e para me koronavirus n\u00eb Kosov\u00eb, autoritetet sh\u00ebndet\u00ebsore kan\u00eb raportuar p\u00ebr 10,590 t\u00eb prekur nga s\u00ebmundja Covid-19, q\u00eb shkakton koronavirusi.<\/p>","protected":false},"excerpt":{"rendered":"<p>Ministria e Sh\u00ebndet\u00ebsis\u00eb n\u00eb Kosov\u00eb ka njoftuar t\u00eb m\u00ebrkur\u00ebn (12 gusht), se ka licensuar edhe n\u00ebnt\u00eb laboratore tjera p\u00ebr kryerjen e testeve serologjike p\u00ebr koronavirusin e ri. P\u00ebrmes k\u00ebtyre testeve, kuptohet n\u00ebse nj\u00eb person ka tejkaluar k\u00ebt\u00eb virus, si dhe n\u00ebse trupi ka krijuar antitrupa kund\u00ebr tij. Ministria ka th\u00ebn\u00eb se shtrirja e laboratoreve \u00ebsht\u00eb [&hellip;]<\/p>\n","protected":false},"author":2020,"featured_media":133271,"comment_status":"open","ping_status":"closed","sticky":false,"template":"","format":"standard","meta":{"footnotes":""},"categories":[2],"tags":[],"class_list":{"0":"post-133308","1":"post","2":"type-post","3":"status-publish","4":"format-standard","5":"has-post-thumbnail","7":"category-rajoni"},"_links":{"self":[{"href":"https:\/\/zjarr.tv\/en\/wp-json\/wp\/v2\/posts\/133308","targetHints":{"allow":["GET"]}}],"collection":[{"href":"https:\/\/zjarr.tv\/en\/wp-json\/wp\/v2\/posts"}],"about":[{"href":"https:\/\/zjarr.tv\/en\/wp-json\/wp\/v2\/types\/post"}],"author":[{"embeddable":true,"href":"https:\/\/zjarr.tv\/en\/wp-json\/wp\/v2\/users\/2020"}],"replies":[{"embeddable":true,"href":"https:\/\/zjarr.tv\/en\/wp-json\/wp\/v2\/comments?post=133308"}],"version-history":[{"count":0,"href":"https:\/\/zjarr.tv\/en\/wp-json\/wp\/v2\/posts\/133308\/revisions"}],"wp:featuredmedia":[{"embeddable":true,"href":"https:\/\/zjarr.tv\/en\/wp-json\/wp\/v2\/media\/133271"}],"wp:attachment":[{"href":"https:\/\/zjarr.tv\/en\/wp-json\/wp\/v2\/media?parent=133308"}],"wp:term":[{"taxonomy":"category","embeddable":true,"href":"https:\/\/zjarr.tv\/en\/wp-json\/wp\/v2\/categories?post=133308"},{"taxonomy":"post_tag","embeddable":true,"href":"https:\/\/zjarr.tv\/en\/wp-json\/wp\/v2\/tags?post=133308"}],"curies":[{"name":"wp","href":"https:\/\/api.w.org\/{rel}","templated":true}]}}