{"id":135374,"date":"2020-08-21T15:39:28","date_gmt":"2020-08-21T13:39:28","guid":{"rendered":"https:\/\/zjarr.tv\/?p=135374"},"modified":"2020-08-21T15:41:17","modified_gmt":"2020-08-21T13:41:17","slug":"vaksina-ndaj-covid-19-manastirliu-dhe-bino-po-punojme-per-ta-siguruar-do-te-zgjedhim-me-te-sigurten-dhe-efikasen","status":"publish","type":"post","link":"https:\/\/zjarr.tv\/en\/vaksina-ndaj-covid-19-manastirliu-dhe-bino-po-punojme-per-ta-siguruar-do-te-zgjedhim-me-te-sigurten-dhe-efikasen\/","title":{"rendered":"Vaksina ndaj COVID-19\/ Manastirliu dhe Bino: Po punojm\u00eb p\u00ebr ta siguruar, do t\u00eb zgjedhim m\u00eb t\u00eb sigurt\u00ebn dhe efikasen"},"content":{"rendered":"<p>Ministrja e Sh\u00ebndet\u00ebsis\u00eb dhe Mbrojtjes Sociale Ogerta Manastirliu dhe ekspert\u00eb t\u00eb sh\u00ebndetit publik t\u00eb programit komb\u00ebtar t\u00eb vaksinimit, deklaruan nga Qendra Sh\u00ebndet\u00ebsore Nr.6 n\u00eb Kombinat, se jan\u00eb siguruar vaksinat falas kund\u00ebr gripit, p\u00ebr kategorit\u00eb n\u00eb nevoj\u00eb.<\/p>\n<p>\u201cNe jemi t\u00eb angazhuar p\u00ebr t\u00eb siguruar programin e vaksinimit dhe k\u00ebt\u00eb vit kemi siguruar shum\u00ebfishimin e vaksinave t\u00eb gripit falas p\u00ebr kategorit\u00eb n\u00eb nevoj\u00eb, sipas p\u00ebrcaktimeve t\u00eb Institutit t\u00eb Sh\u00ebndetit Publik\u201d, tha Manastirliu n\u00eb Qendr\u00ebn Sh\u00ebndet\u00ebsore t\u00eb Kombinatit, e rind\u00ebrtuar me standardet m\u00eb t\u00eb mira, fal\u00eb programit t\u00eb rehabilitimit t\u00eb 300 qendrave sh\u00ebndet\u00ebsore.<\/p>\n<p>Shefja e Departametit t\u00eb S\u00ebmundjeve Infektive n\u00eb ISHP, prof. Silva Bino tha se po punohet n\u00eb disa drejtime p\u00ebr sigurimin e vaksin\u00ebs s\u00eb sigurt kund\u00ebr COVID19.<\/p>\n<p>\u201cAkoma Bota nuk ka nj\u00eb vaksin\u00eb t\u00eb sigurt, jan\u00eb pothuajs\u00eb 7 vaksina t\u00eb cilat e kan\u00eb kaluar fazen e dyt\u00eb, jan\u00eb vaksina tep\u00ebr premtuese dhe ka inisiativa t\u00eb ndryshme. Nj\u00eb inisiativ\u00eb \u00ebsht\u00eb inisiativa bot\u00ebrore e COVAX, nj\u00eb inisiativ\u00eb e shum\u00eb vendeve dhe shum\u00eb partner\u00ebve t\u00eb r\u00ebnd\u00ebsish\u00ebm nd\u00ebrkomb\u00ebtar n\u00eb fush\u00ebn e vaksinimit n\u00ebn udh\u00ebheqjen e OBSH. Ne do t\u00eb zgjedhim at\u00eb vaksin\u00eb q\u00eb \u00ebsht\u00eb efikase dhe e sigurt\u201d, tha Bino.<\/p>\n<div id=\"pa_1x1_psbk_1598017009031\"><\/div>\n<p>Gjat\u00eb vizit\u00ebs n\u00eb Qendr\u00ebn Sh\u00ebndet\u00ebsore Nr.6 n\u00eb Kombinat, e rehabilituar plot\u00ebsisht me programin e 300 Qendrave Sh\u00ebndet\u00ebsore, Manastirliu tha se do t\u00eb vijojn\u00eb investimet dhe do t\u00eb hapen kantir\u00eb t\u00eb rinj nd\u00ebrtimi n\u00eb k\u00ebto dy muaj.<\/p>\n<p>\u201cQendra Sh\u00ebndet\u00ebsore Kombinati \u00ebsht\u00eb pjes\u00eb e investimeve t\u00eb Qeveris\u00eb Shqiptare n\u00eb Programin e rehabilitimit t\u00eb 300 qendrave sh\u00ebndet\u00ebsore dhe ambulancave, ne edhe k\u00ebt\u00eb vit po vijojm\u00eb me rehabilitimin e qendrave sh\u00ebndet\u00ebsore dhe ambulancave dhe pik\u00ebrisht ky muaj dhe muaji tjet\u00ebr do t\u00eb jet\u00eb hapja e kantiereve t\u00eb rinj, sa i p\u00ebrket qendrave sh\u00ebndet\u00ebsore\u201d, tha Manastirliu.<\/p>\n<p>Nd\u00ebrkoh\u00eb teksa vende t\u00eb rajonit si Greqia apo Maqedonia e Veriut e kan\u00eb siguruar vaksin\u00ebn, kreu i PD Lulzim Basha i b\u00ebri apel disa dit\u00eb m\u00eb par\u00eb qeveris\u00eb t\u00eb siguroj\u00eb at\u00eb pasi\u00a0\u00ebsht\u00eb e vetmja q\u00eb nuk ka b\u00ebr\u00eb p\u00ebrpjekje, apo s\u2019\u00ebsht\u00eb transparente n\u00eb k\u00ebt\u00eb drejtim.<\/p>","protected":false},"excerpt":{"rendered":"<p>Ministrja e Sh\u00ebndet\u00ebsis\u00eb dhe Mbrojtjes Sociale Ogerta Manastirliu dhe ekspert\u00eb t\u00eb sh\u00ebndetit publik t\u00eb programit komb\u00ebtar t\u00eb vaksinimit, deklaruan nga Qendra Sh\u00ebndet\u00ebsore Nr.6 n\u00eb Kombinat, se jan\u00eb siguruar vaksinat falas kund\u00ebr gripit, p\u00ebr kategorit\u00eb n\u00eb nevoj\u00eb. \u201cNe jemi t\u00eb angazhuar p\u00ebr t\u00eb siguruar programin e vaksinimit dhe k\u00ebt\u00eb vit kemi siguruar shum\u00ebfishimin e vaksinave t\u00eb [&hellip;]<\/p>\n","protected":false},"author":2020,"featured_media":131728,"comment_status":"open","ping_status":"closed","sticky":false,"template":"","format":"standard","meta":{"footnotes":""},"categories":[241,231,235],"tags":[],"class_list":{"0":"post-135374","1":"post","2":"type-post","3":"status-publish","4":"format-standard","5":"has-post-thumbnail","7":"category-aktualitet","8":"category-lajme","9":"category-vendi"},"_links":{"self":[{"href":"https:\/\/zjarr.tv\/en\/wp-json\/wp\/v2\/posts\/135374","targetHints":{"allow":["GET"]}}],"collection":[{"href":"https:\/\/zjarr.tv\/en\/wp-json\/wp\/v2\/posts"}],"about":[{"href":"https:\/\/zjarr.tv\/en\/wp-json\/wp\/v2\/types\/post"}],"author":[{"embeddable":true,"href":"https:\/\/zjarr.tv\/en\/wp-json\/wp\/v2\/users\/2020"}],"replies":[{"embeddable":true,"href":"https:\/\/zjarr.tv\/en\/wp-json\/wp\/v2\/comments?post=135374"}],"version-history":[{"count":0,"href":"https:\/\/zjarr.tv\/en\/wp-json\/wp\/v2\/posts\/135374\/revisions"}],"wp:featuredmedia":[{"embeddable":true,"href":"https:\/\/zjarr.tv\/en\/wp-json\/wp\/v2\/media\/131728"}],"wp:attachment":[{"href":"https:\/\/zjarr.tv\/en\/wp-json\/wp\/v2\/media?parent=135374"}],"wp:term":[{"taxonomy":"category","embeddable":true,"href":"https:\/\/zjarr.tv\/en\/wp-json\/wp\/v2\/categories?post=135374"},{"taxonomy":"post_tag","embeddable":true,"href":"https:\/\/zjarr.tv\/en\/wp-json\/wp\/v2\/tags?post=135374"}],"curies":[{"name":"wp","href":"https:\/\/api.w.org\/{rel}","templated":true}]}}