{"id":135411,"date":"2020-08-21T16:46:28","date_gmt":"2020-08-21T14:46:28","guid":{"rendered":"https:\/\/zjarr.tv\/?p=135411"},"modified":"2020-08-21T16:46:28","modified_gmt":"2020-08-21T14:46:28","slug":"nese-nuk-paguan-ste-cojne-ne-repart-rama-i-pergjigjet-qytetares-per-urgjencen-e-qsut-akuzen-beje-konkrete-me-emer-dhe-mbiemer-ose-hesht","status":"publish","type":"post","link":"https:\/\/zjarr.tv\/en\/nese-nuk-paguan-ste-cojne-ne-repart-rama-i-pergjigjet-qytetares-per-urgjencen-e-qsut-akuzen-beje-konkrete-me-emer-dhe-mbiemer-ose-hesht\/","title":{"rendered":"\u2018\u2019N\u00ebse nuk paguan s\u2019t\u00eb \u00e7ojn\u00eb n\u00eb repart\u2019\u2019, Rama i p\u00ebrgjigjet qytetares p\u00ebr Urgjenc\u00ebn e QSUT: Akuz\u00ebn b\u00ebje konkrete me em\u00ebr dhe mbiem\u00ebr, ose hesht!"},"content":{"rendered":"<p>Nj\u00eb qytetare ka denoncuar n\u00eb faqen zyrtare n\u00eb FB, t\u00eb Edi Ram\u00ebs se tek Urgjenca e QSUT n\u00ebse nuk paguan nuk t\u00eb \u00e7ojn\u00eb n\u00eb repart p\u00ebr kurim. Po ashtu ajo thot\u00eb se edhe vendet e pun\u00ebs aty u jan\u00eb dh\u00ebn\u00eb njer\u00ebzve t\u00eb Partis\u00eb Socialiste.<\/p>\n<p>Rama i \u00ebsht\u00eb p\u00ebrgjigjur komentit t\u00eb Mirela Armacit, duke i k\u00ebrkuar q\u00eb t\u00eb denoncoj\u00eb me em\u00ebr me mbiem\u00ebr p\u00ebr k\u00ebt\u00eb rast. N\u00eb rast t\u00eb kund\u00ebrt, Rama i thot\u00eb qytetares t\u00eb hesht\u00eb dhe mos hedh\u00eb balt\u00eb mbi bluzat e bardha.<\/p>\n<p>&nbsp;<\/p>\n<p><strong>REPLIKAT N\u00cb FB<\/strong><\/p>\n<div id=\"pa_1x1_psbk_1598021040173\"><\/div>\n<p><b>Qyetarja Mirela Armaci:\u00a0<\/b>Ju dilni gjithmone dhe flisni, por realiteti eshte krejt ndryshe. E dini ju ministre se ne urgjencen e spitalit Nene Tereza nqs nuk paguan nuk te cojne ne repart. Shko dhe shiko realitetin.,shiko edhe vendet e punes qe u jepen njerezve qe jane servil te partise Socialiste<\/p>\n<p><strong>Edi Rama:<\/strong>\u00a0Realitet eshte ky nuk eshte film artistik, ndersa per sa i perket akuzes qe ben, beje konkrete me emer e mbiemer ose hesht e mos hidh balte mbi bluzat e bardha, qe po e tregojne veten ne diten me te erret per shendetin publik per shkak te pandemise!<\/p>","protected":false},"excerpt":{"rendered":"<p>Nj\u00eb qytetare ka denoncuar n\u00eb faqen zyrtare n\u00eb FB, t\u00eb Edi Ram\u00ebs se tek Urgjenca e QSUT n\u00ebse nuk paguan nuk t\u00eb \u00e7ojn\u00eb n\u00eb repart p\u00ebr kurim. Po ashtu ajo thot\u00eb se edhe vendet e pun\u00ebs aty u jan\u00eb dh\u00ebn\u00eb njer\u00ebzve t\u00eb Partis\u00eb Socialiste. Rama i \u00ebsht\u00eb p\u00ebrgjigjur komentit t\u00eb Mirela Armacit, duke i k\u00ebrkuar [&hellip;]<\/p>\n","protected":false},"author":2020,"featured_media":0,"comment_status":"open","ping_status":"closed","sticky":false,"template":"","format":"standard","meta":{"footnotes":""},"categories":[241,235],"tags":[],"class_list":{"0":"post-135411","1":"post","2":"type-post","3":"status-publish","4":"format-standard","6":"category-aktualitet","7":"category-vendi"},"_links":{"self":[{"href":"https:\/\/zjarr.tv\/en\/wp-json\/wp\/v2\/posts\/135411","targetHints":{"allow":["GET"]}}],"collection":[{"href":"https:\/\/zjarr.tv\/en\/wp-json\/wp\/v2\/posts"}],"about":[{"href":"https:\/\/zjarr.tv\/en\/wp-json\/wp\/v2\/types\/post"}],"author":[{"embeddable":true,"href":"https:\/\/zjarr.tv\/en\/wp-json\/wp\/v2\/users\/2020"}],"replies":[{"embeddable":true,"href":"https:\/\/zjarr.tv\/en\/wp-json\/wp\/v2\/comments?post=135411"}],"version-history":[{"count":0,"href":"https:\/\/zjarr.tv\/en\/wp-json\/wp\/v2\/posts\/135411\/revisions"}],"wp:attachment":[{"href":"https:\/\/zjarr.tv\/en\/wp-json\/wp\/v2\/media?parent=135411"}],"wp:term":[{"taxonomy":"category","embeddable":true,"href":"https:\/\/zjarr.tv\/en\/wp-json\/wp\/v2\/categories?post=135411"},{"taxonomy":"post_tag","embeddable":true,"href":"https:\/\/zjarr.tv\/en\/wp-json\/wp\/v2\/tags?post=135411"}],"curies":[{"name":"wp","href":"https:\/\/api.w.org\/{rel}","templated":true}]}}