{"id":135417,"date":"2020-08-21T16:52:52","date_gmt":"2020-08-21T14:52:52","guid":{"rendered":"https:\/\/zjarr.tv\/?p=135417"},"modified":"2020-08-21T16:52:52","modified_gmt":"2020-08-21T14:52:52","slug":"mbytja-ne-velipoje-17-vjecarja-ne-motor-pa-jelek-shpetimi","status":"publish","type":"post","link":"https:\/\/zjarr.tv\/en\/mbytja-ne-velipoje-17-vjecarja-ne-motor-pa-jelek-shpetimi\/","title":{"rendered":"Mbytja n\u00eb Velipoj\u00eb\/ 17 vje\u00e7arja n\u00eb motor pa jelek shp\u00ebtimi"},"content":{"rendered":"<p>Prokuroria k\u00ebrkon \u201carrest me burg\u201d p\u00ebr Indrit Bajraktarin, 25 vje\u00e7arin i cili u arrestua pas vdekjes s\u00eb adoleshentes Enisa Doda n\u00eb plazhin e Velipoj\u00ebs.<\/p>\n<p>I riu pritet t\u00eb dal\u00eb nes\u00ebr para gjykat\u00ebs.<\/p>\n<p>Prokuroria ka ngritur akuzat e \u2018vrasjes nga pakujdesia\u201d dhe \u2018kryerjen e veprimeve q\u00eb pengojn\u00eb zbulimin e s\u00eb v\u00ebrtet\u00ebs\u201d<\/p>\n<p>N\u00eb pyetje \u00ebsht\u00eb marr\u00eb dhe pronari i motorit t\u00eb ujit q\u00eb \u00ebsht\u00eb marr\u00eb me qera nga vajza dhe djali.<\/p>\n<p>Mbetet i paqart\u00eb fakti se p\u00ebrse nuk \u00ebsht\u00eb nd\u00ebrhyr\u00eb p\u00ebr t\u00eb gjetur mjetin p\u00ebrderisa se koha e dh\u00ebnies s\u00eb mjetit ishte 30 minuta, nd\u00ebrsa mjeti nuk \u00ebsht\u00eb dor\u00ebzuar as pas 2 or\u00ebve.<\/p>\n<p>17 vje\u00e7arja \u00ebsht\u00eb gjetur pa jelek n\u00eb trup, nd\u00ebrsa autopsia ka zbuluar se shkaku I vdekjes ishte mbytja.<\/p>\n<p>M\u00ebsohet se familjar\u00ebt e Bajraktarit kan\u00eb marr\u00eb pjes\u00eb n\u00eb ceremonin\u00eb e lamtumir\u00ebs s\u00eb Eni\u00ebs. Indriti \u00ebsht\u00eb shok me v\u00ebllan\u00eb e adoleshentes dhe ai emigrant n\u00eb Angli. Indriti kishte ardhur me pushime nd\u00ebrsa ishte martur dy vite m\u00eb par\u00eb dhe ishte n\u00eb pritje t\u00eb nj\u00eb f\u00ebmije.<\/p>","protected":false},"excerpt":{"rendered":"<p>Prokuroria k\u00ebrkon \u201carrest me burg\u201d p\u00ebr Indrit Bajraktarin, 25 vje\u00e7arin i cili u arrestua pas vdekjes s\u00eb adoleshentes Enisa Doda n\u00eb plazhin e Velipoj\u00ebs. I riu pritet t\u00eb dal\u00eb nes\u00ebr para gjykat\u00ebs. Prokuroria ka ngritur akuzat e \u2018vrasjes nga pakujdesia\u201d dhe \u2018kryerjen e veprimeve q\u00eb pengojn\u00eb zbulimin e s\u00eb v\u00ebrtet\u00ebs\u201d N\u00eb pyetje \u00ebsht\u00eb marr\u00eb dhe [&hellip;]<\/p>\n","protected":false},"author":2020,"featured_media":135280,"comment_status":"open","ping_status":"closed","sticky":false,"template":"","format":"standard","meta":{"footnotes":""},"categories":[241],"tags":[],"class_list":{"0":"post-135417","1":"post","2":"type-post","3":"status-publish","4":"format-standard","5":"has-post-thumbnail","7":"category-aktualitet"},"_links":{"self":[{"href":"https:\/\/zjarr.tv\/en\/wp-json\/wp\/v2\/posts\/135417","targetHints":{"allow":["GET"]}}],"collection":[{"href":"https:\/\/zjarr.tv\/en\/wp-json\/wp\/v2\/posts"}],"about":[{"href":"https:\/\/zjarr.tv\/en\/wp-json\/wp\/v2\/types\/post"}],"author":[{"embeddable":true,"href":"https:\/\/zjarr.tv\/en\/wp-json\/wp\/v2\/users\/2020"}],"replies":[{"embeddable":true,"href":"https:\/\/zjarr.tv\/en\/wp-json\/wp\/v2\/comments?post=135417"}],"version-history":[{"count":0,"href":"https:\/\/zjarr.tv\/en\/wp-json\/wp\/v2\/posts\/135417\/revisions"}],"wp:featuredmedia":[{"embeddable":true,"href":"https:\/\/zjarr.tv\/en\/wp-json\/wp\/v2\/media\/135280"}],"wp:attachment":[{"href":"https:\/\/zjarr.tv\/en\/wp-json\/wp\/v2\/media?parent=135417"}],"wp:term":[{"taxonomy":"category","embeddable":true,"href":"https:\/\/zjarr.tv\/en\/wp-json\/wp\/v2\/categories?post=135417"},{"taxonomy":"post_tag","embeddable":true,"href":"https:\/\/zjarr.tv\/en\/wp-json\/wp\/v2\/tags?post=135417"}],"curies":[{"name":"wp","href":"https:\/\/api.w.org\/{rel}","templated":true}]}}