{"id":135423,"date":"2020-08-21T17:03:21","date_gmt":"2020-08-21T15:03:21","guid":{"rendered":"https:\/\/zjarr.tv\/?p=135423"},"modified":"2020-08-21T17:03:21","modified_gmt":"2020-08-21T15:03:21","slug":"covid-19-152-raste-te-reja-dhe-2-viktima","status":"publish","type":"post","link":"https:\/\/zjarr.tv\/en\/covid-19-152-raste-te-reja-dhe-2-viktima\/","title":{"rendered":"COVID-19\/ 152 raste t\u00eb reja dhe 2 viktima"},"content":{"rendered":"<div class=\"readmore-text-here\">\n<p>Ministria e Sh\u00ebndet\u00ebsis\u00eb dhe Mbrojtjes Sociale ju informon p\u00ebr situat\u00ebn epidemiologjike n\u00eb vend.<br \/>\nGjat\u00eb 24 or\u00ebve t\u00eb fundit n\u00eb vendin ton\u00eb jan\u00eb kryer 864 testime p\u00ebr vler\u00ebsimin e infektimit nga virusi SARS COV2, dhe 152 persona jan\u00eb konfirmuar pozitiv\u00eb me COVID-19.<br \/>\nSqarojm\u00eb se n\u00eb testimet p\u00ebrfshihen testimet n\u00eb strukturat publike dhe rastet p\u00ebr konfirmim diagnoze q\u00eb rezultojn\u00eb t\u00eb dyshuara ose pozitive n\u00eb strukturat jopublike t\u00eb li\u00e7ensuara, sipas vler\u00ebsimit t\u00eb IShP.<\/p>\n<p>Shp\u00ebrndarja gjeografike e rasteve pozitive ditore \u00ebsht\u00eb si vijon: 73 raste n\u00eb Tiran\u00eb, 19 raste n\u00eb Kor\u00e7\u00eb, 9 raste n\u00eb Berat, 8 raste n\u00eb Durr\u00ebs, 7 raste n\u00eb Kuk\u00ebs, 6 raste n\u00eb Lezh\u00eb, 5 raste n\u00eb Shkod\u00ebr, nga 3 raste n\u00eb Elbasan, Kavaj\u00eb, nga 2 raste n\u00eb Kruj\u00eb, Vlor\u00eb, Kam\u00ebz, Mat, Gjirokast\u00ebr, Klos, nga 1 rast n\u00eb Fier, Lushnje, Rogozhin\u00eb, Vau I Dej\u00ebs, Gramsh, Ku\u00e7ov\u00eb, Maliq.<\/p>\n<div id=\"rekl-28\">N\u00eb 24 or\u00ebt e fundit jan\u00eb sh\u00ebruar 110 qytetar\u00eb, duke e \u00e7uar numrin e t\u00eb sh\u00ebruarve n\u00eb 4096, q\u00eb nga fillimi i epidemis\u00eb.<\/div>\n<p>Aktualisht n\u00eb spitalin Infektiv dhe &#8220;Shefqet Ndroqi&#8221; po trajtohen 137 pacient\u00eb t\u00eb konfirmuar pozitiv\u00eb me COVID-19, 24 n\u00eb terapi intensive nga t\u00eb cil\u00ebt 7 pacient\u00eb jan\u00eb t\u00eb intubuar.<\/p>\n<div id=\"rekl-13\"><\/div>\n<div id=\"rekl-4\"><\/div>\n<div id=\"rekl-56\"><\/div>\n<p>&nbsp;<\/p>\n<div id=\"rekl-42\"><\/div>\n<div id=\"rekl-57\"><\/div>\n<\/div>\n<div id=\"rekl-45\"><\/div>\n<div id=\"rekl-33\"><\/div>","protected":false},"excerpt":{"rendered":"<p>Ministria e Sh\u00ebndet\u00ebsis\u00eb dhe Mbrojtjes Sociale ju informon p\u00ebr situat\u00ebn epidemiologjike n\u00eb vend. Gjat\u00eb 24 or\u00ebve t\u00eb fundit n\u00eb vendin ton\u00eb jan\u00eb kryer 864 testime p\u00ebr vler\u00ebsimin e infektimit nga virusi SARS COV2, dhe 152 persona jan\u00eb konfirmuar pozitiv\u00eb me COVID-19. Sqarojm\u00eb se n\u00eb testimet p\u00ebrfshihen testimet n\u00eb strukturat publike dhe rastet p\u00ebr konfirmim diagnoze [&hellip;]<\/p>\n","protected":false},"author":2020,"featured_media":0,"comment_status":"open","ping_status":"closed","sticky":false,"template":"","format":"standard","meta":{"footnotes":""},"categories":[241],"tags":[],"class_list":{"0":"post-135423","1":"post","2":"type-post","3":"status-publish","4":"format-standard","6":"category-aktualitet"},"_links":{"self":[{"href":"https:\/\/zjarr.tv\/en\/wp-json\/wp\/v2\/posts\/135423","targetHints":{"allow":["GET"]}}],"collection":[{"href":"https:\/\/zjarr.tv\/en\/wp-json\/wp\/v2\/posts"}],"about":[{"href":"https:\/\/zjarr.tv\/en\/wp-json\/wp\/v2\/types\/post"}],"author":[{"embeddable":true,"href":"https:\/\/zjarr.tv\/en\/wp-json\/wp\/v2\/users\/2020"}],"replies":[{"embeddable":true,"href":"https:\/\/zjarr.tv\/en\/wp-json\/wp\/v2\/comments?post=135423"}],"version-history":[{"count":0,"href":"https:\/\/zjarr.tv\/en\/wp-json\/wp\/v2\/posts\/135423\/revisions"}],"wp:attachment":[{"href":"https:\/\/zjarr.tv\/en\/wp-json\/wp\/v2\/media?parent=135423"}],"wp:term":[{"taxonomy":"category","embeddable":true,"href":"https:\/\/zjarr.tv\/en\/wp-json\/wp\/v2\/categories?post=135423"},{"taxonomy":"post_tag","embeddable":true,"href":"https:\/\/zjarr.tv\/en\/wp-json\/wp\/v2\/tags?post=135423"}],"curies":[{"name":"wp","href":"https:\/\/api.w.org\/{rel}","templated":true}]}}