{"id":135426,"date":"2020-08-21T17:20:38","date_gmt":"2020-08-21T15:20:38","guid":{"rendered":"https:\/\/zjarr.tv\/?p=135426"},"modified":"2020-08-21T17:23:47","modified_gmt":"2020-08-21T15:23:47","slug":"faqja-kryesore-aktualitet-lajm-i-fundit-gjykata-kushtetuese-serish-ne-ngerc-ked-i-ndalon-kandidimin-ish-keshilltarit-te-metes-aktualitetflashte-funditte-gjitha-lajm-i-fundit-gjykata-kushtetuese-ser","status":"publish","type":"post","link":"https:\/\/zjarr.tv\/en\/faqja-kryesore-aktualitet-lajm-i-fundit-gjykata-kushtetuese-serish-ne-ngerc-ked-i-ndalon-kandidimin-ish-keshilltarit-te-metes-aktualitetflashte-funditte-gjitha-lajm-i-fundit-gjykata-kushtetuese-ser\/","title":{"rendered":"LAJM I FUNDIT\/ Gjykata Kushtetuese s\u00ebrish n\u00eb ng\u00ebr\u00e7, KED i ndalon kandidimin ish-k\u00ebshilltarit t\u00eb Met\u00ebs"},"content":{"rendered":"<p>KED sot i ka ndaluar kandidimin Shaqir Hasanaj p\u00ebr vendin vakant n\u00eb Gjykat\u00ebn Kushtetuese.<\/p>\n<p>N\u00eb mbledhjen e radh\u00ebs ky institucion, n\u00eb prani dhe t\u00eb p\u00ebrfaq\u00ebsuesit t\u00eb Presidenc\u00ebs dhe Avokatit t\u00eb Popullit vendosi ndalimin e kandidimit t\u00eb Hasanaj, ish keshilltar i Presidentit Meta, p\u00ebr 2 vakancat e shpallura nga Kuvendi dhe Presidenti q\u00eb n\u00eb ver\u00ebn e vitit t\u00eb shkuar.<\/p>\n<p>Njoftimi i KED:<br \/>\nK\u00ebshilli i Em\u00ebrimeve n\u00eb Drejt\u00ebsi (KED), n\u00eb dat\u00ebn 21.08.2020, zhvilloi mbledhjen e tij t\u00eb radh\u00ebs, duke iu p\u00ebrmbajtur rendit t\u00eb dit\u00ebs:<\/p>\n<p>1. Shqyrtimi i gjetjeve n\u00eb procedur\u00ebn e verifikimit p\u00ebr kandidatin p\u00ebr vendin vakant, vakanc\u00eb e parakohshme n\u00eb Gjykat\u00ebn Kushtetuese, e rishpallur nga Kuvendi i Shqip\u00ebris\u00eb n\u00eb dat\u00ebn 21.08.2019 dhe Presidenti i Republik\u00ebs n\u00eb dat\u00ebn 27.09.2019:<\/p>\n<p>\u2013 Z. Shaqir Hasanaj<\/p>\n<p>2. Vendimmarrja lidhur me lejimin\/ndalimin e kandidimit t\u00eb kandidatit t\u00eb m\u00ebsip\u00ebrm.<\/p>\n<p>N\u00eb mbledhjen e sotme merrnin pjes\u00eb an\u00ebtar\u00ebt e KED, si dhe p\u00ebrfaq\u00ebsuesi i Presidentit t\u00eb Republik\u00ebs dhe p\u00ebrfaq\u00ebsuesi i Avokatit t\u00eb Popullit.<\/p>\n<p>K\u00ebshilli i Em\u00ebrimeve n\u00eb Drejt\u00ebsi, pasi vijoi me shqyrtimin e akteve dhe procedur\u00ebn e ndjekur p\u00ebr verifikimin e kandidaturave, dokumentacionin e p\u00ebrgatitur lidhur me plot\u00ebsimin e kushteve ligjore p\u00ebr kandidim, vendosi:<\/p>\n<p>1.Ndalimin e kandidimit t\u00eb kandidatit p\u00ebr gjyqtar n\u00eb Gjykat\u00ebn Kushtetuese t\u00eb:<\/p>\n<p>Z. Shaqir Hasanaj, p\u00ebr vendin vakant, vakanc\u00eb e parakohshme n\u00eb Gjykat\u00ebn Kushtetuese, e rishpallur nga Kuvendi i Shqip\u00ebris\u00eb n\u00eb dat\u00ebn 21.08.2019.<\/p>\n<p>2.Ndalimin e kandidimit t\u00eb kandidatit p\u00ebr gjyqtar n\u00eb Gjykat\u00ebn Kushtetuese t\u00eb:<\/p>\n<p>Z. Shaqir Hasanaj, p\u00ebr vendin vakant, vakanc\u00eb e parakohshme n\u00eb Gjykat\u00ebn Kushtetuese, e rishpallur nga Presidenti i Republik\u00ebs n\u00eb dat\u00ebn 27.09.2019.<\/p>\n<p>Vendimet e plota dhe t\u00eb zbardhura p\u00ebr ndalimin e kandidimit t\u00eb Z. Shaqir Hasanaj do t\u00eb publikohen t\u00eb arsyetuara n\u00eb faqen elektronike t\u00eb Gjykat\u00ebs s\u00eb Lart\u00eb, n\u00eb pjes\u00ebn e caktuar p\u00ebr K\u00ebshillin e Em\u00ebrimeve n\u00eb Drejt\u00ebsi.<\/p>\n<p>Kujtojm\u00eb se Shaqir Hasanajt, ish-k\u00ebshilltar ligjor i Met\u00ebs iu ndalua n\u00eb korrik t\u00eb k\u00ebtij viti kandidimi p\u00ebr nj\u00eb nga vendet bosh n\u00eb Gjykat\u00ebn Kushtetuese nga KED pik\u00ebrisht p\u00ebr k\u00ebt\u00eb arsye, pasi ligji parashikon q\u00eb kandidat\u00ebt nuk duhet t\u00eb ken\u00eb mbajtur poste politike p\u00ebr 10 vitet e fundit.<\/p>\n<p>Por Gjykata Administrative e Apelit, pas padis\u00eb s\u00eb ngritur nga Hasanaj, rr\u00ebzoi vendimin e KED, i cili e mori s\u00ebrish n\u00eb shqyrtim kandidimin e Shaqir Hasanajt duke e rr\u00ebzuar p\u00ebr her\u00eb t\u00eb dyt\u00eb.<\/p>","protected":false},"excerpt":{"rendered":"<p>KED sot i ka ndaluar kandidimin Shaqir Hasanaj p\u00ebr vendin vakant n\u00eb Gjykat\u00ebn Kushtetuese. N\u00eb mbledhjen e radh\u00ebs ky institucion, n\u00eb prani dhe t\u00eb p\u00ebrfaq\u00ebsuesit t\u00eb Presidenc\u00ebs dhe Avokatit t\u00eb Popullit vendosi ndalimin e kandidimit t\u00eb Hasanaj, ish keshilltar i Presidentit Meta, p\u00ebr 2 vakancat e shpallura nga Kuvendi dhe Presidenti q\u00eb n\u00eb ver\u00ebn e [&hellip;]<\/p>\n","protected":false},"author":2020,"featured_media":0,"comment_status":"open","ping_status":"closed","sticky":false,"template":"","format":"standard","meta":{"footnotes":""},"categories":[241,235],"tags":[],"class_list":{"0":"post-135426","1":"post","2":"type-post","3":"status-publish","4":"format-standard","6":"category-aktualitet","7":"category-vendi"},"_links":{"self":[{"href":"https:\/\/zjarr.tv\/en\/wp-json\/wp\/v2\/posts\/135426","targetHints":{"allow":["GET"]}}],"collection":[{"href":"https:\/\/zjarr.tv\/en\/wp-json\/wp\/v2\/posts"}],"about":[{"href":"https:\/\/zjarr.tv\/en\/wp-json\/wp\/v2\/types\/post"}],"author":[{"embeddable":true,"href":"https:\/\/zjarr.tv\/en\/wp-json\/wp\/v2\/users\/2020"}],"replies":[{"embeddable":true,"href":"https:\/\/zjarr.tv\/en\/wp-json\/wp\/v2\/comments?post=135426"}],"version-history":[{"count":0,"href":"https:\/\/zjarr.tv\/en\/wp-json\/wp\/v2\/posts\/135426\/revisions"}],"wp:attachment":[{"href":"https:\/\/zjarr.tv\/en\/wp-json\/wp\/v2\/media?parent=135426"}],"wp:term":[{"taxonomy":"category","embeddable":true,"href":"https:\/\/zjarr.tv\/en\/wp-json\/wp\/v2\/categories?post=135426"},{"taxonomy":"post_tag","embeddable":true,"href":"https:\/\/zjarr.tv\/en\/wp-json\/wp\/v2\/tags?post=135426"}],"curies":[{"name":"wp","href":"https:\/\/api.w.org\/{rel}","templated":true}]}}