{"id":135439,"date":"2020-08-21T17:34:45","date_gmt":"2020-08-21T15:34:45","guid":{"rendered":"https:\/\/zjarr.tv\/?p=135439"},"modified":"2020-08-21T17:34:45","modified_gmt":"2020-08-21T15:34:45","slug":"peshkopi-digjet-fusha-e-mbetjeve-tymi-toksik-dhe-era-e-keqe-perhapen-ne-qytet","status":"publish","type":"post","link":"https:\/\/zjarr.tv\/en\/peshkopi-digjet-fusha-e-mbetjeve-tymi-toksik-dhe-era-e-keqe-perhapen-ne-qytet\/","title":{"rendered":"Peshkopi, digjet fusha e mbetjeve, tymi toksik dhe era e keqe p\u00ebrhapen n\u00eb qytet"},"content":{"rendered":"<p><em>Nj\u00eb vat\u00ebr zjarri ka p\u00ebrfshir\u00eb fush\u00ebn e Mbetjeve t\u00eb bashkis\u00eb Dib\u00ebr duke b\u00ebr\u00eb q\u00eb tymi dhe era e keqe t\u00eb p\u00ebrhapet n\u00eb qytetet. Situata \u00ebsht\u00eb kthyer n\u00eb shqet\u00ebsuese p\u00ebr banor\u00ebt, nd\u00ebrsa Bashkia pranon se normalizimi i situat\u00ebs nuk do t\u00eb jet\u00eb i leht\u00eb.\u00a0 Nga ana tjet\u00ebr, paralajm\u00ebron se fajtor\u00ebt do t\u00eb mbajn\u00eb p\u00ebrgjegj\u00ebsi.<\/em><\/p>\n<p>K\u00ebto pamje tregojn\u00eb situat\u00ebn e krijuar n\u00eb Peshkopi t\u00eb premten pasi nj\u00eb zjarr u shfaq n\u00eb fush\u00ebn e mbetjeve urbane n\u00eb periferi t\u00eb qytetit<\/p>\n<p>Tymi dhe era e r\u00ebnd\u00eb u p\u00ebrhap\u00ebn duke u kthyer n\u00eb shqet\u00ebsim p\u00ebr banor\u00ebt.<\/p>\n<p>Ngrit\u00ebn shqet\u00ebsim p\u00ebr rrezikun e pasojave sh\u00ebndet\u00ebsore, nd\u00ebrsa nuk munguan as kritikat ndaj pushtetit vendor p\u00ebr pun\u00ebn e dob\u00ebt.<\/p>\n<p>Bashkia e Dibr\u00ebs n\u00eb nj\u00eb reagim tha se zjarri n\u00eb fush\u00ebn e mbetjeve \u00ebsht\u00eb i q\u00ebllimsh\u00ebm, por autor\u00ebt ende nuk jan\u00eb zbuluar.<\/p>\n<p>Zjarrfik\u00ebsit kan\u00eb nd\u00ebrhyr\u00eb p\u00ebr t\u00eb v\u00ebn\u00ebn n\u00ebn kontrolle situat\u00ebn, por bashkia pranon se normalizimi i situat\u00ebs n\u00eb nj\u00eb koh\u00eb t\u00eb shpejt\u00eb \u00ebsht\u00eb e v\u00ebshtir\u00eb edhe p\u00ebr shkak t\u00eb ndjeshm\u00ebris\u00eb s\u00eb mbeturinave kundrejt zjarrit.<\/p>\n<p>Bashkia e Dibr\u00ebs thot\u00eb se n\u00eb bashk\u00ebpunim me Policin\u00eb e Shtetit po e ndjek \u00e7\u00ebshtjen p\u00ebr t\u00eb gjetur shkaktar\u00ebt, nd\u00ebrkoh\u00eb q\u00eb paralajm\u00ebron se personat e ngarkuar p\u00ebr ruajtjen e fush\u00ebs s\u00eb mbetjeve do t\u00eb mbajn\u00eb p\u00ebrgjegj\u00ebsi.<\/p>","protected":false},"excerpt":{"rendered":"<p>Nj\u00eb vat\u00ebr zjarri ka p\u00ebrfshir\u00eb fush\u00ebn e Mbetjeve t\u00eb bashkis\u00eb Dib\u00ebr duke b\u00ebr\u00eb q\u00eb tymi dhe era e keqe t\u00eb p\u00ebrhapet n\u00eb qytetet. Situata \u00ebsht\u00eb kthyer n\u00eb shqet\u00ebsuese p\u00ebr banor\u00ebt, nd\u00ebrsa Bashkia pranon se normalizimi i situat\u00ebs nuk do t\u00eb jet\u00eb i leht\u00eb.\u00a0 Nga ana tjet\u00ebr, paralajm\u00ebron se fajtor\u00ebt do t\u00eb mbajn\u00eb p\u00ebrgjegj\u00ebsi. K\u00ebto pamje [&hellip;]<\/p>\n","protected":false},"author":2020,"featured_media":0,"comment_status":"open","ping_status":"closed","sticky":false,"template":"","format":"standard","meta":{"footnotes":""},"categories":[241,235],"tags":[],"class_list":{"0":"post-135439","1":"post","2":"type-post","3":"status-publish","4":"format-standard","6":"category-aktualitet","7":"category-vendi"},"_links":{"self":[{"href":"https:\/\/zjarr.tv\/en\/wp-json\/wp\/v2\/posts\/135439","targetHints":{"allow":["GET"]}}],"collection":[{"href":"https:\/\/zjarr.tv\/en\/wp-json\/wp\/v2\/posts"}],"about":[{"href":"https:\/\/zjarr.tv\/en\/wp-json\/wp\/v2\/types\/post"}],"author":[{"embeddable":true,"href":"https:\/\/zjarr.tv\/en\/wp-json\/wp\/v2\/users\/2020"}],"replies":[{"embeddable":true,"href":"https:\/\/zjarr.tv\/en\/wp-json\/wp\/v2\/comments?post=135439"}],"version-history":[{"count":0,"href":"https:\/\/zjarr.tv\/en\/wp-json\/wp\/v2\/posts\/135439\/revisions"}],"wp:attachment":[{"href":"https:\/\/zjarr.tv\/en\/wp-json\/wp\/v2\/media?parent=135439"}],"wp:term":[{"taxonomy":"category","embeddable":true,"href":"https:\/\/zjarr.tv\/en\/wp-json\/wp\/v2\/categories?post=135439"},{"taxonomy":"post_tag","embeddable":true,"href":"https:\/\/zjarr.tv\/en\/wp-json\/wp\/v2\/tags?post=135439"}],"curies":[{"name":"wp","href":"https:\/\/api.w.org\/{rel}","templated":true}]}}