{"id":135459,"date":"2020-08-22T12:41:24","date_gmt":"2020-08-22T10:41:24","guid":{"rendered":"https:\/\/zjarr.tv\/?p=135459"},"modified":"2020-08-22T12:41:24","modified_gmt":"2020-08-22T10:41:24","slug":"basha-shqiptaret-paguajne-taksa-rama-ia-jep-oligarkeve-me-ppp","status":"publish","type":"post","link":"https:\/\/zjarr.tv\/en\/basha-shqiptaret-paguajne-taksa-rama-ia-jep-oligarkeve-me-ppp\/","title":{"rendered":"Basha: Shqiptar\u00ebt paguajn\u00eb taksa, Rama ia jep oligark\u00ebve me PPP"},"content":{"rendered":"<p>Kryetari i Partise Demokratike p\u00ebrmes nj\u00eb postimi n\u00eb rrjetet sociale n\u00ebnvizon nevoj\u00ebn q\u00eb ka vendi p\u00ebr nj\u00eb ndryshim t\u00eb madh dhe rr\u00ebnj\u00ebsor.<\/p>\n<p>\u201c<em>\u00c7do dit\u00eb q\u00eb kalon shqiptar\u00ebt paguajn\u00eb m\u00eb shum\u00eb taksa, nd\u00ebrsa Rama i p\u00ebrdor ato p\u00ebr t\u00eb b\u00ebr\u00eb m\u00eb shum\u00eb PPP me klient\u00ebt e tij. Si pasoj\u00eb e k\u00ebtij keqmenaxhimi dhe k\u00ebsaj arrogance, Shqip\u00ebria zhytet n\u00eb varf\u00ebri, njer\u00ebzit humbin vendet e pun\u00ebs dhe kriza ekonomike thellohet\u201d s<\/em>hkruan Lulzim Basha n\u00eb postimin e tij n\u00eb facebook.<\/p>\n<p>Basha akuzon Ram\u00ebn se ka futur dor\u00ebn thell\u00eb n\u00eb xhepin e \u00e7do qytetari dhe nuk mendon p\u00ebr njer\u00ebzit, por vet\u00ebm p\u00ebr nje grusht klient\u00ebsh dhe oligark\u00ebsh dhe e ka v\u00ebn\u00eb shtetin dhe cdo politik\u00eb fiskale n\u00eb sh\u00ebrbim t\u00eb tyre duke i l\u00ebn\u00eb qytetar\u00ebt n\u00eb m\u00ebshir\u00ebn e fatit.<\/p>\n<p><strong>Postimi i plote i Lulzim Bashes<\/strong><\/p>\n<p>N\u00eb k\u00ebto 7 vite, qeveria Rama e ka taksuar pun\u00ebn dhe dijen m\u00eb shum\u00eb se \u00e7do qeveri tjet\u00ebr m\u00eb par\u00eb. Barra m\u00eb e r\u00ebnd\u00eb e k\u00ebtyre taksave ka r\u00ebn\u00eb mbi shtres\u00ebn e mesme.<\/p>\n<p>Sot t\u00eb gjith\u00eb e shohim se taksa progresive e Ram\u00ebs ka d\u00ebshtuar dhe ka prodhuar vet\u00ebm kaos, pandershm\u00ebri dhe padrejt\u00ebsi. Ajo \u00ebsht\u00eb kritikuar fort edhe nga organizatat nd\u00ebrkomb\u00ebtare si FMN.<\/p>\n<p>\u00c7do dit\u00eb q\u00eb kalon shqiptar\u00ebt paguajn\u00eb m\u00eb shum\u00eb taksa, nd\u00ebrsa Rama i p\u00ebrdor ato p\u00ebr t\u00eb b\u00ebr\u00eb m\u00eb shum\u00eb PPP me klient\u00ebt e tij. Si pasoj\u00eb e k\u00ebtij keqmenaxhimi dhe k\u00ebsaj arrogance, Shqip\u00ebria zhytet n\u00eb varf\u00ebri, njer\u00ebzit humbin vendet e pun\u00ebs dhe kriza ekonomike thellohet.<\/p>\n<p>Rama e ka futur dor\u00ebn thell\u00eb n\u00eb xhepin e \u00e7do qytetari. Ai nuk mendon p\u00ebr njer\u00ebzit, por vet\u00ebm p\u00ebr nje grusht klient\u00ebsh dhe oligark\u00ebsh dhe e ka v\u00ebn\u00eb shtetin dhe cdo politik\u00eb fiskale n\u00eb sh\u00ebrbim t\u00eb tyre duke i l\u00ebn\u00eb qytetar\u00ebt n\u00eb m\u00ebshir\u00ebn e fatit.<\/p>\n<p>Vendit i duhet nj\u00eb ndryshim i madh dhe rr\u00ebnj\u00ebsor! Politika jon\u00eb fiskale \u00ebsht\u00eb pjes\u00eb e Planit Ekonomik p\u00ebr ti kthyer frym\u00ebmarrjen vendit dhe ekonomis\u00eb s\u00eb njer\u00ebzve: m\u00eb shum\u00eb t\u00eb ardhura n\u00eb xhepat e tyre dhe m\u00eb pak taksa. Ne do ti eliminojm\u00eb nivelet e shumta t\u00eb taksave mbi pun\u00ebn, do ti heqim pengesat q\u00eb vet\u00ebm frenojn\u00eb zhvillimin dhe do t\u00eb thjeshtojme t\u00eb gjith\u00eb sistemin.<\/p>\n<p>Ne besojm\u00eb se m\u00eb shum\u00eb para n\u00eb duart e qytetar\u00ebve do t\u00eb nxisin investimin n\u00eb arsimim dhe kualifikim dhe do ti japin frym\u00eb rritjes ekonomike. Politika jon\u00eb fiskale ka n\u00eb baz\u00eb taks\u00ebn e shesht\u00eb 9% p\u00ebr qytetar\u00ebt dhe t\u00eb pun\u00ebsuarit, taksa m\u00eb e thjesht\u00eb dhe m\u00eb e ul\u00ebt n\u00eb t\u00eb gjitha vendet e rajonit.<\/p>\n<p>Mir\u00ebqenia e shtres\u00ebs s\u00eb mesme, e atyre q\u00eb punojn\u00eb dhe prodhojn\u00eb, \u00ebsht\u00eb jetike p\u00ebr rim\u00ebk\u00ebmbjen e gjith\u00eb ekonomis\u00eb shqiptare. Vet\u00ebm nj\u00eb qeveri serioze q\u00eb kujdeset p\u00ebr njer\u00ebzit do ta vendos\u00eb shtetin dhe politikb\u00ebrjen n\u00eb funksion t\u00eb rritjes s\u00eb t\u00eb ardhurave t\u00eb gjith\u00ebsecilit dhe jo t\u00eb nj\u00eb grushti njer\u00ebzish! Shqip\u00ebria e ka potencialin t\u00eb ofroj\u00eb mir\u00ebqenie dhe siguri p\u00ebr t\u00eb gjith\u00eb qytetar\u00ebt e saj. #ditemetemira<\/p>","protected":false},"excerpt":{"rendered":"<p>Kryetari i Partise Demokratike p\u00ebrmes nj\u00eb postimi n\u00eb rrjetet sociale n\u00ebnvizon nevoj\u00ebn q\u00eb ka vendi p\u00ebr nj\u00eb ndryshim t\u00eb madh dhe rr\u00ebnj\u00ebsor. \u201c\u00c7do dit\u00eb q\u00eb kalon shqiptar\u00ebt paguajn\u00eb m\u00eb shum\u00eb taksa, nd\u00ebrsa Rama i p\u00ebrdor ato p\u00ebr t\u00eb b\u00ebr\u00eb m\u00eb shum\u00eb PPP me klient\u00ebt e tij. Si pasoj\u00eb e k\u00ebtij keqmenaxhimi dhe k\u00ebsaj arrogance, Shqip\u00ebria [&hellip;]<\/p>\n","protected":false},"author":2020,"featured_media":130923,"comment_status":"open","ping_status":"closed","sticky":false,"template":"","format":"standard","meta":{"footnotes":""},"categories":[241,235],"tags":[],"class_list":{"0":"post-135459","1":"post","2":"type-post","3":"status-publish","4":"format-standard","5":"has-post-thumbnail","7":"category-aktualitet","8":"category-vendi"},"_links":{"self":[{"href":"https:\/\/zjarr.tv\/en\/wp-json\/wp\/v2\/posts\/135459","targetHints":{"allow":["GET"]}}],"collection":[{"href":"https:\/\/zjarr.tv\/en\/wp-json\/wp\/v2\/posts"}],"about":[{"href":"https:\/\/zjarr.tv\/en\/wp-json\/wp\/v2\/types\/post"}],"author":[{"embeddable":true,"href":"https:\/\/zjarr.tv\/en\/wp-json\/wp\/v2\/users\/2020"}],"replies":[{"embeddable":true,"href":"https:\/\/zjarr.tv\/en\/wp-json\/wp\/v2\/comments?post=135459"}],"version-history":[{"count":0,"href":"https:\/\/zjarr.tv\/en\/wp-json\/wp\/v2\/posts\/135459\/revisions"}],"wp:featuredmedia":[{"embeddable":true,"href":"https:\/\/zjarr.tv\/en\/wp-json\/wp\/v2\/media\/130923"}],"wp:attachment":[{"href":"https:\/\/zjarr.tv\/en\/wp-json\/wp\/v2\/media?parent=135459"}],"wp:term":[{"taxonomy":"category","embeddable":true,"href":"https:\/\/zjarr.tv\/en\/wp-json\/wp\/v2\/categories?post=135459"},{"taxonomy":"post_tag","embeddable":true,"href":"https:\/\/zjarr.tv\/en\/wp-json\/wp\/v2\/tags?post=135459"}],"curies":[{"name":"wp","href":"https:\/\/api.w.org\/{rel}","templated":true}]}}