{"id":135473,"date":"2020-08-22T14:33:33","date_gmt":"2020-08-22T12:33:33","guid":{"rendered":"https:\/\/zjarr.tv\/?p=135473"},"modified":"2020-08-22T14:34:59","modified_gmt":"2020-08-22T12:34:59","slug":"pandemia-nuk-ndal-pelegrinazhin-mbi-400-mije-pelegrine-ne-malin-e-tomorrit","status":"publish","type":"post","link":"https:\/\/zjarr.tv\/en\/pandemia-nuk-ndal-pelegrinazhin-mbi-400-mije-pelegrine-ne-malin-e-tomorrit\/","title":{"rendered":"Pandemia nuk ndal pelegrinazhin, mbi 400 mij\u00eb pelegrin\u00eb n\u00eb Malin e Tomorrit"},"content":{"rendered":"<p>Vijon pelegrinazhi n\u00eb malin e Tomorrit p\u00ebr t\u00eb kremtuar fest\u00ebn e Baba Tomorrit.<\/p>\n<p>Baba Edmond Brahimaj tha se jan\u00eb marr\u00eb t\u00eb gjitha masat antikovid.<\/p>\n<p>Nuk i ka ndalur as pandemia. Mij\u00ebra pelegrin\u00eb kan\u00eb udh\u00ebtuar drejt Teqes\u00eb s\u00eb Kulmakut p\u00ebr t\u00eb marr\u00eb bekimin dhe larguar t\u00eb k\u00ebqijat.<\/p>\n<p><em>\u201cJemi munduar t\u00eb rregullojm\u00eb rrug\u00ebn, uj\u00eb dhe drita. Gjithashtu jan\u00eb marr\u00eb masa p\u00ebr t\u00eb b\u00ebr\u00eb dezinfektimin e zon\u00ebs por dhe nj\u00eb grup mjek\u00ebsor ndodhet n\u00eb gadishm\u00ebri p\u00ebr \u00e7do nevoj\u00eb t\u00eb besimtar\u00ebve\u201d<\/em>\u00a0thot\u00eb Kryegjyshi Boteror i Bektashinjve, Haxhi Dede Baba Edmond Brahimaj.<\/p>\n<p>\u201cMjeshtri i madh\u201d Ferdinand Samarxhi tha se mbi 400 mije persona kan\u00eb shkuar pelegrinazhin n\u00eb malin e Tomorrit k\u00ebt\u00eb ver\u00eb<\/p>","protected":false},"excerpt":{"rendered":"<p>Vijon pelegrinazhi n\u00eb malin e Tomorrit p\u00ebr t\u00eb kremtuar fest\u00ebn e Baba Tomorrit. Baba Edmond Brahimaj tha se jan\u00eb marr\u00eb t\u00eb gjitha masat antikovid. Nuk i ka ndalur as pandemia. Mij\u00ebra pelegrin\u00eb kan\u00eb udh\u00ebtuar drejt Teqes\u00eb s\u00eb Kulmakut p\u00ebr t\u00eb marr\u00eb bekimin dhe larguar t\u00eb k\u00ebqijat. \u201cJemi munduar t\u00eb rregullojm\u00eb rrug\u00ebn, uj\u00eb dhe drita. Gjithashtu [&hellip;]<\/p>\n","protected":false},"author":2020,"featured_media":135481,"comment_status":"open","ping_status":"closed","sticky":false,"template":"","format":"standard","meta":{"footnotes":""},"categories":[241,235],"tags":[],"class_list":{"0":"post-135473","1":"post","2":"type-post","3":"status-publish","4":"format-standard","5":"has-post-thumbnail","7":"category-aktualitet","8":"category-vendi"},"_links":{"self":[{"href":"https:\/\/zjarr.tv\/en\/wp-json\/wp\/v2\/posts\/135473","targetHints":{"allow":["GET"]}}],"collection":[{"href":"https:\/\/zjarr.tv\/en\/wp-json\/wp\/v2\/posts"}],"about":[{"href":"https:\/\/zjarr.tv\/en\/wp-json\/wp\/v2\/types\/post"}],"author":[{"embeddable":true,"href":"https:\/\/zjarr.tv\/en\/wp-json\/wp\/v2\/users\/2020"}],"replies":[{"embeddable":true,"href":"https:\/\/zjarr.tv\/en\/wp-json\/wp\/v2\/comments?post=135473"}],"version-history":[{"count":0,"href":"https:\/\/zjarr.tv\/en\/wp-json\/wp\/v2\/posts\/135473\/revisions"}],"wp:featuredmedia":[{"embeddable":true,"href":"https:\/\/zjarr.tv\/en\/wp-json\/wp\/v2\/media\/135481"}],"wp:attachment":[{"href":"https:\/\/zjarr.tv\/en\/wp-json\/wp\/v2\/media?parent=135473"}],"wp:term":[{"taxonomy":"category","embeddable":true,"href":"https:\/\/zjarr.tv\/en\/wp-json\/wp\/v2\/categories?post=135473"},{"taxonomy":"post_tag","embeddable":true,"href":"https:\/\/zjarr.tv\/en\/wp-json\/wp\/v2\/tags?post=135473"}],"curies":[{"name":"wp","href":"https:\/\/api.w.org\/{rel}","templated":true}]}}