{"id":135489,"date":"2020-08-22T14:52:35","date_gmt":"2020-08-22T12:52:35","guid":{"rendered":"https:\/\/zjarr.tv\/?p=135489"},"modified":"2020-08-22T14:52:35","modified_gmt":"2020-08-22T12:52:35","slug":"peqini-tre-muaj-pa-gjinekolog","status":"publish","type":"post","link":"https:\/\/zjarr.tv\/en\/peqini-tre-muaj-pa-gjinekolog\/","title":{"rendered":"Peqini, tre muaj pa gjinekolog"},"content":{"rendered":"<p>Spitali i Peqinit, prej m\u00eb shum\u00eb se tre muajsh ka mbetur pa mjek gjinekolog, pasi mjekja e vetme q\u00eb sh\u00ebrbente aty ka dal\u00eb n\u00eb pension.<\/p>\n<p>Aktualisht n\u00eb k\u00ebt\u00eb spital b\u00ebhen vet\u00ebm konsulta nga mjek\u00ebt e spitalit dhe rastet urgjente transferohen n\u00eb spitalet e Elbasanit apo t\u00eb Rrogozhin\u00ebs.<\/p>\n<p>Peqini num\u00ebron rreth pes\u00ebdhjet\u00eb mij\u00eb banor\u00eb dhe mungesa e mjekut gjinekolog \u00ebsht\u00eb shqet\u00ebsim kryesor.<\/p>\n<p>Kryeinfermierja, Marie Behina, pranon pamund\u00ebsin\u00eb p\u00ebr t\u2019u dh\u00ebn\u00eb grave kujdesin e duhur mjek\u00ebsor.<\/p>\n<p>Maria Behina<em>: \u201cPresim t\u00eb na vijn\u00eb mjek\u00ebt gjinekolog. Mjekja q\u00eb ishte ka disa muaj q\u00eb ka dal\u00eb n\u00eb pension. Ka disa muaj q\u00eb po presim mjeke.K\u00ebt\u00eb vit nuk kemi pasur lindje, por zakonisht kur ka lindje i presim k\u00ebtu, por kur jan\u00eb lindje t\u00eb v\u00ebshtira ne i d\u00ebrgojm\u00eb n\u00eb Elbasan\u201d<\/em><\/p>\n<p>Edhe p\u00ebr stafin \u00ebsht\u00eb e v\u00ebshtir\u00eb t\u00eb punojn\u00eb pa udh\u00ebzimet e mjekut specialist.<\/p>\n<p><em>\u201cU b\u00ebn\u00eb tre muaj q\u00eb mjekja gjinekologe ka dal\u00eb n\u00eb pension. Kemi pasur lindje, kishte raste shtat\u00eb-tet\u00eb n\u00eb muaj. T\u00eb shohim, na ka dh\u00ebn\u00eb shpres\u00eb kjo drejtoresha e re\u201d,<\/em>\u00a0shprehet infermierja<\/p>\n<p>Drejtoria e spitalit t\u00eb Peqinit b\u00ebn me dije se ka b\u00ebr\u00eb k\u00ebrkes\u00ebn, por deri m\u00eb tani nuk \u00ebsht\u00eb dh\u00ebn\u00eb zgjidhje.<\/p>","protected":false},"excerpt":{"rendered":"<p>Spitali i Peqinit, prej m\u00eb shum\u00eb se tre muajsh ka mbetur pa mjek gjinekolog, pasi mjekja e vetme q\u00eb sh\u00ebrbente aty ka dal\u00eb n\u00eb pension. Aktualisht n\u00eb k\u00ebt\u00eb spital b\u00ebhen vet\u00ebm konsulta nga mjek\u00ebt e spitalit dhe rastet urgjente transferohen n\u00eb spitalet e Elbasanit apo t\u00eb Rrogozhin\u00ebs. Peqini num\u00ebron rreth pes\u00ebdhjet\u00eb mij\u00eb banor\u00eb dhe mungesa [&hellip;]<\/p>\n","protected":false},"author":2020,"featured_media":81359,"comment_status":"open","ping_status":"closed","sticky":false,"template":"","format":"standard","meta":{"footnotes":""},"categories":[241,235],"tags":[],"class_list":{"0":"post-135489","1":"post","2":"type-post","3":"status-publish","4":"format-standard","5":"has-post-thumbnail","7":"category-aktualitet","8":"category-vendi"},"_links":{"self":[{"href":"https:\/\/zjarr.tv\/en\/wp-json\/wp\/v2\/posts\/135489","targetHints":{"allow":["GET"]}}],"collection":[{"href":"https:\/\/zjarr.tv\/en\/wp-json\/wp\/v2\/posts"}],"about":[{"href":"https:\/\/zjarr.tv\/en\/wp-json\/wp\/v2\/types\/post"}],"author":[{"embeddable":true,"href":"https:\/\/zjarr.tv\/en\/wp-json\/wp\/v2\/users\/2020"}],"replies":[{"embeddable":true,"href":"https:\/\/zjarr.tv\/en\/wp-json\/wp\/v2\/comments?post=135489"}],"version-history":[{"count":0,"href":"https:\/\/zjarr.tv\/en\/wp-json\/wp\/v2\/posts\/135489\/revisions"}],"wp:featuredmedia":[{"embeddable":true,"href":"https:\/\/zjarr.tv\/en\/wp-json\/wp\/v2\/media\/81359"}],"wp:attachment":[{"href":"https:\/\/zjarr.tv\/en\/wp-json\/wp\/v2\/media?parent=135489"}],"wp:term":[{"taxonomy":"category","embeddable":true,"href":"https:\/\/zjarr.tv\/en\/wp-json\/wp\/v2\/categories?post=135489"},{"taxonomy":"post_tag","embeddable":true,"href":"https:\/\/zjarr.tv\/en\/wp-json\/wp\/v2\/tags?post=135489"}],"curies":[{"name":"wp","href":"https:\/\/api.w.org\/{rel}","templated":true}]}}