{"id":135505,"date":"2020-08-22T15:14:47","date_gmt":"2020-08-22T13:14:47","guid":{"rendered":"https:\/\/zjarr.tv\/?p=135505"},"modified":"2020-08-22T15:14:47","modified_gmt":"2020-08-22T13:14:47","slug":"17-dite-i-izoluar-i-vetem-eljo-hysko-tregon-si-e-kaloi-covid-19-kisha-dhimbje-shume-te-forta-koke-brenda-dites-mu-krye-tamponi","status":"publish","type":"post","link":"https:\/\/zjarr.tv\/en\/17-dite-i-izoluar-i-vetem-eljo-hysko-tregon-si-e-kaloi-covid-19-kisha-dhimbje-shume-te-forta-koke-brenda-dites-mu-krye-tamponi\/","title":{"rendered":"17 dit\u00eb i izoluar i vet\u00ebm, Eljo Hysko tregon si e kaloi Covid-19: Kisha dhimbje shum\u00eb t\u00eb forta koke, brenda dit\u00ebs mu krye tamponi"},"content":{"rendered":"<p>Deputeti i Partis\u00eb Socialiste, Eljo Hysko \u00ebsht\u00eb nj\u00eb nga deputet\u00ebt e Kuvendit i cili \u00ebsht\u00eb sh\u00ebruar nga Covid-19, nd\u00ebrkoh\u00eb q\u00eb ka treguar edhe simptomat q\u00eb ka p\u00ebrjetuar nga s\u00ebmundja.<\/p>\n<p>Hysko theksoi se fillimisht kishte nj\u00eb dhimbje shum\u00eb t\u00eb fort\u00eb kok\u00eb, nd\u00ebrkoh\u00eb q\u00eb ka dyshuar se mund t\u00eb jet\u00eb i prekur nga Covid-19.<\/p>\n<p>Hysko b\u00ebri thirrje q\u00eb t\u00eb rinjt\u00eb t\u00eb b\u00ebjn\u00eb kujdes, pasi virusi \u00ebsht\u00eb v\u00ebrtet\u00eb shum\u00eb i rreziksh\u00ebm dhe mund t\u00eb jet\u00eb akoma m\u00eb i rreziksh\u00ebm p\u00ebr familjar\u00ebt tan\u00eb.<\/p>\n<p>\u201cKur \u00ebsht\u00eb b\u00ebr\u00eb publik lajmi, kisha 12 dit\u00eb i karantinuar. Gjej rastin t\u00eb falenderoj mjek\u00ebt q\u00eb u kujdes\u00ebn p\u00ebr sh\u00ebndetin tim. N\u00eb radh\u00eb t\u00eb par\u00eb qytetar\u00ebt t\u00eb mundohen t\u00eb ruajn\u00eb qet\u00ebsin\u00eb. Kisha dhimbje koke dit\u00ebt e para, m\u00eb e fort\u00eb se zakonisht dhe aty dyshova se isha infektuar.<br \/>\nBrenda dit\u00ebs mu krye tamponi, pastaj pata nj\u00eb agravim t\u00eb dhimbjeve si dhe humbje t\u00eb shijes s\u00eb nuhatjes. Simpotmat ishin t\u00eb ndryshme. Nuk pata probleme fatmir\u00ebsisht n\u00eb rrug\u00ebt e frymarrjes. Fatmir\u00ebsisht nuk ka pasur asnj\u00eb familjar t\u00eb infektuar.<\/p>\n<p>Ime m\u00eb nuk ishte infektuar dhe ky ishte nj\u00eb \u00e7lirim i madh p\u00ebr mua. Duhet t\u00eb b\u00ebjm\u00eb kujdes edhe m\u00eb shum\u00eb, pasi virusi \u00ebsht\u00eb shum\u00eb serioz dhe mbi t\u00eb gjitha \u00ebsht\u00eb i rreziksh\u00ebm p\u00ebr njer\u00ebzit tan\u00eb t\u00eb af\u00ebrm. Komunikimi me mjek\u00ebt ka qen\u00eb i vazhduesh\u00ebm dhe m\u00eb ndihmuan edhe psikologjikisht.<br \/>\nKam qendruar 17 dit\u00eb i karantinuar i vet\u00ebm, pasi nuk doja q\u00eb t\u00eb infektoja njeri, ajo shkoi tek v\u00ebllai. K\u00ebrkohen gj\u00ebra bazike t\u00eb thjeshta, mbajtja e distanc\u00ebs, mbajtja e higjien\u00ebs personale dhe dezinfektimi i duarve. \u201c- tha Hysko.<\/p>","protected":false},"excerpt":{"rendered":"<p>Deputeti i Partis\u00eb Socialiste, Eljo Hysko \u00ebsht\u00eb nj\u00eb nga deputet\u00ebt e Kuvendit i cili \u00ebsht\u00eb sh\u00ebruar nga Covid-19, nd\u00ebrkoh\u00eb q\u00eb ka treguar edhe simptomat q\u00eb ka p\u00ebrjetuar nga s\u00ebmundja. Hysko theksoi se fillimisht kishte nj\u00eb dhimbje shum\u00eb t\u00eb fort\u00eb kok\u00eb, nd\u00ebrkoh\u00eb q\u00eb ka dyshuar se mund t\u00eb jet\u00eb i prekur nga Covid-19. Hysko b\u00ebri thirrje [&hellip;]<\/p>\n","protected":false},"author":2020,"featured_media":135506,"comment_status":"open","ping_status":"closed","sticky":false,"template":"","format":"standard","meta":{"footnotes":""},"categories":[241,235],"tags":[],"class_list":{"0":"post-135505","1":"post","2":"type-post","3":"status-publish","4":"format-standard","5":"has-post-thumbnail","7":"category-aktualitet","8":"category-vendi"},"_links":{"self":[{"href":"https:\/\/zjarr.tv\/en\/wp-json\/wp\/v2\/posts\/135505","targetHints":{"allow":["GET"]}}],"collection":[{"href":"https:\/\/zjarr.tv\/en\/wp-json\/wp\/v2\/posts"}],"about":[{"href":"https:\/\/zjarr.tv\/en\/wp-json\/wp\/v2\/types\/post"}],"author":[{"embeddable":true,"href":"https:\/\/zjarr.tv\/en\/wp-json\/wp\/v2\/users\/2020"}],"replies":[{"embeddable":true,"href":"https:\/\/zjarr.tv\/en\/wp-json\/wp\/v2\/comments?post=135505"}],"version-history":[{"count":0,"href":"https:\/\/zjarr.tv\/en\/wp-json\/wp\/v2\/posts\/135505\/revisions"}],"wp:featuredmedia":[{"embeddable":true,"href":"https:\/\/zjarr.tv\/en\/wp-json\/wp\/v2\/media\/135506"}],"wp:attachment":[{"href":"https:\/\/zjarr.tv\/en\/wp-json\/wp\/v2\/media?parent=135505"}],"wp:term":[{"taxonomy":"category","embeddable":true,"href":"https:\/\/zjarr.tv\/en\/wp-json\/wp\/v2\/categories?post=135505"},{"taxonomy":"post_tag","embeddable":true,"href":"https:\/\/zjarr.tv\/en\/wp-json\/wp\/v2\/tags?post=135505"}],"curies":[{"name":"wp","href":"https:\/\/api.w.org\/{rel}","templated":true}]}}