{"id":135528,"date":"2020-08-22T15:58:29","date_gmt":"2020-08-22T13:58:29","guid":{"rendered":"https:\/\/zjarr.tv\/?p=135528"},"modified":"2020-08-22T15:58:29","modified_gmt":"2020-08-22T13:58:29","slug":"panik-ne-malin-e-taraboshit-zjarri-i-permasave-te-medha-prane-policise-kufitare-rrezikon-banesat","status":"publish","type":"post","link":"https:\/\/zjarr.tv\/en\/panik-ne-malin-e-taraboshit-zjarri-i-permasave-te-medha-prane-policise-kufitare-rrezikon-banesat\/","title":{"rendered":"P\u00e1nik n\u00eb malin e Taraboshit\/ Zj\u00e1rri i p\u00ebrmasave t\u00eb m\u00ebdha pran\u00eb p\u00f2licis\u00eb kufitare rr\u00e8zikon banesat"},"content":{"rendered":"<p>Nj\u00eb zj\u00e1rr i p\u00ebrmasave t\u00eb m\u00ebdha \u00ebsht\u00eb regjistruar disa minuta m\u00eb par\u00eb n\u00eb malin e Taraboshit, Shkod\u00ebr. Fl\u00e1k\u00ebt po p\u00ebrhapen me shpejt\u00ebsi dhe n\u00eb rast se nuk do ket\u00eb nd\u00ebrhyrje t\u00eb forcave zj\u00e1rrfik\u00ebse, mund t\u00eb rr\u00e8zikohen banesat pran\u00eb s\u00eb bashku me disa subjekte bare e restorante, si dhe godina e p\u00f2licis\u00eb kufitare.<\/p>\n<p>Dyshohet se zj\u00e1rri \u00ebsht\u00eb shkaktuar nga temperaturat e larta n\u00eb vendin ton\u00eb. N\u00eb af\u00ebrsi t\u00eb vatr\u00ebs ndodhen disa punonj\u00ebs t\u00eb Zonave t\u00eb Mbrojtura s\u00eb bashku me f\u00f2rcat zj\u00e1rrfik\u00ebse. K\u00ebrkohet nd\u00ebrhyrja e m\u00ebnjehershme p\u00ebr t\u00eb mos lejuar p\u00ebrhapjen e fl\u00e1k\u00ebve, t\u00eb cilat mund t\u00eb jen\u00eb t\u00eb v\u00ebshtira p\u00ebr tu kontrolluar.<\/p>","protected":false},"excerpt":{"rendered":"<p>Nj\u00eb zj\u00e1rr i p\u00ebrmasave t\u00eb m\u00ebdha \u00ebsht\u00eb regjistruar disa minuta m\u00eb par\u00eb n\u00eb malin e Taraboshit, Shkod\u00ebr. Fl\u00e1k\u00ebt po p\u00ebrhapen me shpejt\u00ebsi dhe n\u00eb rast se nuk do ket\u00eb nd\u00ebrhyrje t\u00eb forcave zj\u00e1rrfik\u00ebse, mund t\u00eb rr\u00e8zikohen banesat pran\u00eb s\u00eb bashku me disa subjekte bare e restorante, si dhe godina e p\u00f2licis\u00eb kufitare. Dyshohet se zj\u00e1rri [&hellip;]<\/p>\n","protected":false},"author":2020,"featured_media":135529,"comment_status":"open","ping_status":"closed","sticky":false,"template":"","format":"standard","meta":{"footnotes":""},"categories":[241,235],"tags":[],"class_list":{"0":"post-135528","1":"post","2":"type-post","3":"status-publish","4":"format-standard","5":"has-post-thumbnail","7":"category-aktualitet","8":"category-vendi"},"_links":{"self":[{"href":"https:\/\/zjarr.tv\/en\/wp-json\/wp\/v2\/posts\/135528","targetHints":{"allow":["GET"]}}],"collection":[{"href":"https:\/\/zjarr.tv\/en\/wp-json\/wp\/v2\/posts"}],"about":[{"href":"https:\/\/zjarr.tv\/en\/wp-json\/wp\/v2\/types\/post"}],"author":[{"embeddable":true,"href":"https:\/\/zjarr.tv\/en\/wp-json\/wp\/v2\/users\/2020"}],"replies":[{"embeddable":true,"href":"https:\/\/zjarr.tv\/en\/wp-json\/wp\/v2\/comments?post=135528"}],"version-history":[{"count":0,"href":"https:\/\/zjarr.tv\/en\/wp-json\/wp\/v2\/posts\/135528\/revisions"}],"wp:featuredmedia":[{"embeddable":true,"href":"https:\/\/zjarr.tv\/en\/wp-json\/wp\/v2\/media\/135529"}],"wp:attachment":[{"href":"https:\/\/zjarr.tv\/en\/wp-json\/wp\/v2\/media?parent=135528"}],"wp:term":[{"taxonomy":"category","embeddable":true,"href":"https:\/\/zjarr.tv\/en\/wp-json\/wp\/v2\/categories?post=135528"},{"taxonomy":"post_tag","embeddable":true,"href":"https:\/\/zjarr.tv\/en\/wp-json\/wp\/v2\/tags?post=135528"}],"curies":[{"name":"wp","href":"https:\/\/api.w.org\/{rel}","templated":true}]}}