{"id":138732,"date":"2020-09-01T16:16:32","date_gmt":"2020-09-01T14:16:32","guid":{"rendered":"https:\/\/zjarr.tv\/?p=138732"},"modified":"2020-09-01T16:16:32","modified_gmt":"2020-09-01T14:16:32","slug":"deputetet-e-ps-mblidhen-grumbull-ne-elbasan-ca-me-maska-e-ca-pa-maska-presin-ramen-te-filloje-mbledhjafoto","status":"publish","type":"post","link":"https:\/\/zjarr.tv\/en\/deputetet-e-ps-mblidhen-grumbull-ne-elbasan-ca-me-maska-e-ca-pa-maska-presin-ramen-te-filloje-mbledhjafoto\/","title":{"rendered":"Deputet\u00ebt e PS mblidhen grumbull n\u00eb Elbasan, ca me maska e ca pa maska\/Presin Ram\u00ebn t\u00eb filloj\u00eb mbledhja(FOTO)"},"content":{"rendered":"<div class=\"article-introtext\">\n<p>Edhe pak minuta mbeten nga fillimi i mbledhjes s\u00eb grupit parlamentar t\u00eb PS, q\u00eb si\u00e7 \u00ebsht\u00eb lajm\u00ebruar m\u00eb her\u00ebt do t\u00eb zhvillohet n\u00eb Elbasan n\u00eb or\u00ebn 16:00.<\/p>\n<\/div>\n<div class=\"article-fulltext\">\n<p>Si\u00e7 shihet nga fotot shumica e deputet\u00ebve t\u00eb PS jan\u00eb mbledhur grumbull, ca me maska e ca pa maska, dhe jan\u00eb n\u00eb pritje t\u00eb kryeministrit Edi Rama, i cili deri m\u00eb tani nuk duket asgj\u00ebkundi.<\/p>\n<p>Gjat\u00eb mbledhjes Rama do t\u00eb jap\u00eb porosit\u00eb e tij p\u00ebr nisjen e fushat\u00ebs elektorale.<\/p>\n<p>N\u00eb fokus t\u00eb takimit do t\u00eb jet\u00eb Asambleja e PS, dhe se si ajo t\u00eb zhvillohet n\u00eb kushte pandemie.<\/p>\n<p>Sot gjithashtu do t\u00eb diskutohet organizimi i strukturave p\u00ebr zgjedhjet e ardhshme. Socialist\u00ebt do t\u00eb informohen edhe p\u00ebr ndryshimet n\u00eb Kodin Zgjedhor.<\/p>\n<p>Kujtojm\u00eb se edhe kreu i grupit parlamentar t\u00eb PS Taulant Balla ka th\u00ebn\u00eb n\u00eb her\u00ebt se p\u00ebr Asamblen\u00eb, ku dhe si do t\u00eb zhvillohet, do t\u00eb diskutohet dit\u00ebn e sotme n\u00eb mbledhjen e grupit t\u00eb PS.<\/p>\n<p><a href=\"https:\/\/cms.newsbomb.al\/media\/images\/2020\/09\/01\/Screenshot_7.jpg\" data-fancybox=\"image-popup\" data-caption=\"Screenshot_7.jpg\"><img decoding=\"async\" src=\"https:\/\/cms.newsbomb.al\/media\/images\/2020\/09\/01\/Screenshot_7.jpg\" alt=\"Screenshot_7.jpg\" \/><\/a><\/p>\n<p><a href=\"https:\/\/cms.newsbomb.al\/media\/images\/2020\/09\/01\/Screenshot_9.jpg\" data-fancybox=\"image-popup\" data-caption=\"Screenshot_9.jpg\"><img decoding=\"async\" src=\"https:\/\/cms.newsbomb.al\/media\/images\/2020\/09\/01\/Screenshot_9.jpg\" alt=\"Screenshot_9.jpg\" \/><\/a><\/p>\n<p><a href=\"https:\/\/cms.newsbomb.al\/media\/images\/2020\/09\/01\/Screenshot_10.jpg\" data-fancybox=\"image-popup\" data-caption=\"Screenshot_10.jpg\"><img decoding=\"async\" src=\"https:\/\/cms.newsbomb.al\/media\/images\/2020\/09\/01\/Screenshot_10.jpg\" alt=\"Screenshot_10.jpg\" \/><\/a><\/p>\n<p><a href=\"https:\/\/cms.newsbomb.al\/media\/images\/2020\/09\/01\/Screenshot_8.jpg\" data-fancybox=\"image-popup\" data-caption=\"Screenshot_8.jpg\"><img decoding=\"async\" src=\"https:\/\/cms.newsbomb.al\/media\/images\/2020\/09\/01\/Screenshot_8.jpg\" alt=\"Screenshot_8.jpg\" \/><\/a><\/p>\n<p>&nbsp;<\/p>\n<\/div>","protected":false},"excerpt":{"rendered":"<p>Edhe pak minuta mbeten nga fillimi i mbledhjes s\u00eb grupit parlamentar t\u00eb PS, q\u00eb si\u00e7 \u00ebsht\u00eb lajm\u00ebruar m\u00eb her\u00ebt do t\u00eb zhvillohet n\u00eb Elbasan n\u00eb or\u00ebn 16:00. Si\u00e7 shihet nga fotot shumica e deputet\u00ebve t\u00eb PS jan\u00eb mbledhur grumbull, ca me maska e ca pa maska, dhe jan\u00eb n\u00eb pritje t\u00eb kryeministrit Edi Rama, i [&hellip;]<\/p>\n","protected":false},"author":2020,"featured_media":138736,"comment_status":"open","ping_status":"closed","sticky":false,"template":"","format":"standard","meta":{"footnotes":""},"categories":[241],"tags":[],"class_list":{"0":"post-138732","1":"post","2":"type-post","3":"status-publish","4":"format-standard","5":"has-post-thumbnail","7":"category-aktualitet"},"_links":{"self":[{"href":"https:\/\/zjarr.tv\/en\/wp-json\/wp\/v2\/posts\/138732","targetHints":{"allow":["GET"]}}],"collection":[{"href":"https:\/\/zjarr.tv\/en\/wp-json\/wp\/v2\/posts"}],"about":[{"href":"https:\/\/zjarr.tv\/en\/wp-json\/wp\/v2\/types\/post"}],"author":[{"embeddable":true,"href":"https:\/\/zjarr.tv\/en\/wp-json\/wp\/v2\/users\/2020"}],"replies":[{"embeddable":true,"href":"https:\/\/zjarr.tv\/en\/wp-json\/wp\/v2\/comments?post=138732"}],"version-history":[{"count":0,"href":"https:\/\/zjarr.tv\/en\/wp-json\/wp\/v2\/posts\/138732\/revisions"}],"wp:featuredmedia":[{"embeddable":true,"href":"https:\/\/zjarr.tv\/en\/wp-json\/wp\/v2\/media\/138736"}],"wp:attachment":[{"href":"https:\/\/zjarr.tv\/en\/wp-json\/wp\/v2\/media?parent=138732"}],"wp:term":[{"taxonomy":"category","embeddable":true,"href":"https:\/\/zjarr.tv\/en\/wp-json\/wp\/v2\/categories?post=138732"},{"taxonomy":"post_tag","embeddable":true,"href":"https:\/\/zjarr.tv\/en\/wp-json\/wp\/v2\/tags?post=138732"}],"curies":[{"name":"wp","href":"https:\/\/api.w.org\/{rel}","templated":true}]}}