{"id":139478,"date":"2020-09-03T14:57:44","date_gmt":"2020-09-03T12:57:44","guid":{"rendered":"https:\/\/zjarr.tv\/?p=139478"},"modified":"2020-09-03T14:57:44","modified_gmt":"2020-09-03T12:57:44","slug":"dy-te-rinj-tentojne-te-futen-me-force-te-covid-2-familjaretnuk-e-dim-cfare-po-ndodhna-thone-mos-e-merrni","status":"publish","type":"post","link":"https:\/\/zjarr.tv\/en\/dy-te-rinj-tentojne-te-futen-me-force-te-covid-2-familjaretnuk-e-dim-cfare-po-ndodhna-thone-mos-e-merrni\/","title":{"rendered":"Dy t\u00eb rinj tentojn\u00eb t\u00eb futen me forc\u00eb te Covid-2\/Familjar\u00ebt:&#8221;Nuk e dim \u00e7far\u00eb po ndodh,na thon\u00eb mos e merrni&#8230;!&#8221;"},"content":{"rendered":"<p>Ngjarja tragjike e ndodhur dit\u00ebn e djeshme n\u00eb spitalin Shefqet Ndroqi, ku nj\u00eb 65-vje\u00e7ar u hodh nga kati i kat\u00ebrt duke i dh\u00ebn\u00eb fund jet\u00ebs, ka shtuar ankthin e familjar\u00ebve t\u00eb pacient\u00ebve t\u00eb shtruar.<\/p>\n<p>Abc News raporton se dy t\u00eb rinj t\u00eb cil\u00ebt dyshohet se kan\u00eb familjar\u00ebt e tyre n\u00eb k\u00ebt\u00eb spital, kan\u00eb thyer kordonin e policis\u00eb duke vrapuar n\u00eb drejtim t\u00eb spitalit.<\/p>\n<div class=\"in-artile-read-more\">M\u00eb pas ata jan\u00eb neutralizuar, pas nd\u00ebrhyrjes s\u00eb forcave t\u00eb tjera policore.<\/div>\n<div id=\"rekl-13\">\n<div id=\"__sap-ad-15\" class=\"__sap-ads __sap-html tracked\" data-title=\"Credins desktop Brenda lajmit 08\"><\/div>\n<\/div>\n<p>Nd\u00ebrkoh\u00eb, n\u00eb deklarat\u00eb p\u00ebr mediat dy prej familjar\u00ebve q\u00eb presin nj\u00eb lajm t\u00eb mir\u00eb p\u00ebr t\u00eb af\u00ebrmit e tyre, shprehen se kan\u00eb pasur kontakte me ta por nuk e din\u00eb \u00e7far\u00eb ndodh brenda kat\u00ebr mureve.<\/p>\n<p>\u2018K\u00ebtu nuk kemi takuar fare. Kemi folur por na kan\u00eb th\u00ebn\u00eb mos e merrni se nuk \u00ebsht\u00eb n\u00eb gjendje t\u00eb mir\u00eb.<\/p>\n<p>E kam marr\u00eb sot n\u00eb or\u00ebn shtat\u00eb. Babi thot\u00eb q\u00eb mir\u00eb \u00ebsht\u00eb, n\u00eb kok\u00eb na rrin\u00eb. Por ne nuk dim\u00eb \u00e7far\u00eb ndodh atje\u2019, tregon nj\u00ebra prej tyre.<\/p>\n<p>Nj\u00eb tjet\u00ebr tregon se ka pasur kontakte me mjekun q\u00eb po trajton baban\u00eb e saj, p\u00ebr t\u00eb cilin thot\u00eb se nuk e di si \u00ebsht\u00eb infektuar.<\/p>\n<p>\u2018Doktori m\u00eb mori n\u00eb telefon. M\u00eb thon\u00eb se nuk e din\u00eb se si do shkoj\u00eb. Nuk e dim\u00eb se si \u00ebsht\u00eb infektuar.<\/p>\n<p>T\u00eb tjer\u00ebt jan\u00eb t\u00eb gjith\u00eb mir\u00eb. Un\u00eb dhe mami jemi top, edhe v\u00ebllai \u00ebsht\u00eb top. Babi ka vuajtur nga aritmia\u2019, shprehet nj\u00eb tjet\u00ebr.<\/p>","protected":false},"excerpt":{"rendered":"<p>Ngjarja tragjike e ndodhur dit\u00ebn e djeshme n\u00eb spitalin Shefqet Ndroqi, ku nj\u00eb 65-vje\u00e7ar u hodh nga kati i kat\u00ebrt duke i dh\u00ebn\u00eb fund jet\u00ebs, ka shtuar ankthin e familjar\u00ebve t\u00eb pacient\u00ebve t\u00eb shtruar. Abc News raporton se dy t\u00eb rinj t\u00eb cil\u00ebt dyshohet se kan\u00eb familjar\u00ebt e tyre n\u00eb k\u00ebt\u00eb spital, kan\u00eb thyer kordonin [&hellip;]<\/p>\n","protected":false},"author":2020,"featured_media":0,"comment_status":"open","ping_status":"closed","sticky":false,"template":"","format":"standard","meta":{"footnotes":""},"categories":[241],"tags":[],"class_list":{"0":"post-139478","1":"post","2":"type-post","3":"status-publish","4":"format-standard","6":"category-aktualitet"},"_links":{"self":[{"href":"https:\/\/zjarr.tv\/en\/wp-json\/wp\/v2\/posts\/139478","targetHints":{"allow":["GET"]}}],"collection":[{"href":"https:\/\/zjarr.tv\/en\/wp-json\/wp\/v2\/posts"}],"about":[{"href":"https:\/\/zjarr.tv\/en\/wp-json\/wp\/v2\/types\/post"}],"author":[{"embeddable":true,"href":"https:\/\/zjarr.tv\/en\/wp-json\/wp\/v2\/users\/2020"}],"replies":[{"embeddable":true,"href":"https:\/\/zjarr.tv\/en\/wp-json\/wp\/v2\/comments?post=139478"}],"version-history":[{"count":0,"href":"https:\/\/zjarr.tv\/en\/wp-json\/wp\/v2\/posts\/139478\/revisions"}],"wp:attachment":[{"href":"https:\/\/zjarr.tv\/en\/wp-json\/wp\/v2\/media?parent=139478"}],"wp:term":[{"taxonomy":"category","embeddable":true,"href":"https:\/\/zjarr.tv\/en\/wp-json\/wp\/v2\/categories?post=139478"},{"taxonomy":"post_tag","embeddable":true,"href":"https:\/\/zjarr.tv\/en\/wp-json\/wp\/v2\/tags?post=139478"}],"curies":[{"name":"wp","href":"https:\/\/api.w.org\/{rel}","templated":true}]}}