{"id":139481,"date":"2020-09-03T15:25:19","date_gmt":"2020-09-03T13:25:19","guid":{"rendered":"https:\/\/zjarr.tv\/?p=139481"},"modified":"2020-09-03T15:25:19","modified_gmt":"2020-09-03T13:25:19","slug":"gjata-deklaronedi-rama-nuk-fiton-dot-zgjedhjet-pa-krimin-rama-ka-sfiduar-hapur-ambasadoren-e-shba-se","status":"publish","type":"post","link":"https:\/\/zjarr.tv\/en\/gjata-deklaronedi-rama-nuk-fiton-dot-zgjedhjet-pa-krimin-rama-ka-sfiduar-hapur-ambasadoren-e-shba-se\/","title":{"rendered":"Gjata deklaron:&#8221;Edi Rama nuk fiton dot zgjedhjet pa krimin&#8221;\/Rama ka sfiduar hapur ambasadoren e SHBA-s\u00eb"},"content":{"rendered":"<p>Partia Demokratike me an\u00eb t\u00eb sekretarit t\u00eb Cc\u00ebshtjeve Ligjore Cclirim Gjata ka deklaruar se Edi Rama nuk fiton dot zgjedhje pa krimin.<\/p>\n<p>Sipas Gjat\u00ebs, Rama e ka sfiduar hapur ambasadoren e SHBA-s\u00eb, e cila me an\u00eb t\u00eb nj\u00eb letre n\u00eb dat\u00ebn 31 gusht, k\u00ebrkoi q\u00eb krer\u00ebt e partive t\u00eb shohin mir\u00eb kandidat\u00ebt.<\/p>\n<div id=\"rekl-28\"><\/div>\n<div class=\"in-artile-read-more\">Gjata deklaroi se, &#8216;Edi Rama nuk fiton dot zgjedhjet pa krimin\u2019.<\/div>\n<div id=\"rekl-13\">\n<div id=\"__sap-ad-15\" class=\"__sap-ads __sap-html tracked\" data-title=\"Credins desktop Brenda lajmit 08\"><\/div>\n<\/div>\n<p><strong>Statusi i plot\u00eb i Sekretarit p\u00ebr \u00c7\u00ebshtjet Ligjore, \u00c7lirim Gjata:<\/strong><\/p>\n<p><em>Edi Rama e ka t\u00eb pamundur t\u00eb ndahet nga bashk\u00ebpunimi me njer\u00ebzit e inkriminuar, pavar\u00ebsisht presionit nd\u00ebrkomb\u00ebtar p\u00ebr tu ndar\u00eb prej tyre.\u00a0 Shefi i Rilindjes u shfaq sot n\u00eb Vlor\u00eb gjat\u00eb nj\u00eb p\u00ebrurimi n\u00eb krah me ish-deputetin e larguar nga politika me vendim t\u00eb KQZ si pjes\u00ebmarr\u00ebs n\u00eb organizata kriminale, Shkelqim Selami.<\/em><\/p>\n<p><em>Duke u shfaqur krah Selamit, Rama sfidoi publikisht sot ambasadoren e SHBA, Yuri Kim e cila vet\u00ebm dy dit\u00eb m\u00eb par\u00eb ju d\u00ebrgoi nj\u00eb let\u00ebr partive kryesore shqiptare, q\u00eb do t\u00eb garojn\u00eb n\u00eb zgjedhjet e ardhshme n\u00eb lidhje me past\u00ebrtin\u00eb e figur\u00ebs se kandidat\u00ebve t\u00eb tyren.\u00a0<\/em><\/p>\n<p><em>Nj\u00eb paralajm\u00ebrim t\u00eb till\u00eb Ambasada Amerikane e ka b\u00ebr\u00eb edhe m\u00eb par\u00eb, por gjithmon\u00eb Edi Rama e ka injoruar, sepse ai e ka t\u00eb qart\u00eb se pa mb\u00ebshtetjen e krimit t\u00eb organizuar nuk fiton kurr\u00eb zgjedhjet. Edi Rama \u00ebsht\u00eb peng i krimit dhe pa largimin e tij politika nuk mund t\u00eb \u00e7lirohet nga krimi i organizuar dhe korrupsioni.<\/em><\/p>","protected":false},"excerpt":{"rendered":"<p>Partia Demokratike me an\u00eb t\u00eb sekretarit t\u00eb Cc\u00ebshtjeve Ligjore Cclirim Gjata ka deklaruar se Edi Rama nuk fiton dot zgjedhje pa krimin. Sipas Gjat\u00ebs, Rama e ka sfiduar hapur ambasadoren e SHBA-s\u00eb, e cila me an\u00eb t\u00eb nj\u00eb letre n\u00eb dat\u00ebn 31 gusht, k\u00ebrkoi q\u00eb krer\u00ebt e partive t\u00eb shohin mir\u00eb kandidat\u00ebt. Gjata deklaroi se, [&hellip;]<\/p>\n","protected":false},"author":2020,"featured_media":0,"comment_status":"open","ping_status":"closed","sticky":false,"template":"","format":"standard","meta":{"footnotes":""},"categories":[241],"tags":[],"class_list":{"0":"post-139481","1":"post","2":"type-post","3":"status-publish","4":"format-standard","6":"category-aktualitet"},"_links":{"self":[{"href":"https:\/\/zjarr.tv\/en\/wp-json\/wp\/v2\/posts\/139481","targetHints":{"allow":["GET"]}}],"collection":[{"href":"https:\/\/zjarr.tv\/en\/wp-json\/wp\/v2\/posts"}],"about":[{"href":"https:\/\/zjarr.tv\/en\/wp-json\/wp\/v2\/types\/post"}],"author":[{"embeddable":true,"href":"https:\/\/zjarr.tv\/en\/wp-json\/wp\/v2\/users\/2020"}],"replies":[{"embeddable":true,"href":"https:\/\/zjarr.tv\/en\/wp-json\/wp\/v2\/comments?post=139481"}],"version-history":[{"count":0,"href":"https:\/\/zjarr.tv\/en\/wp-json\/wp\/v2\/posts\/139481\/revisions"}],"wp:attachment":[{"href":"https:\/\/zjarr.tv\/en\/wp-json\/wp\/v2\/media?parent=139481"}],"wp:term":[{"taxonomy":"category","embeddable":true,"href":"https:\/\/zjarr.tv\/en\/wp-json\/wp\/v2\/categories?post=139481"},{"taxonomy":"post_tag","embeddable":true,"href":"https:\/\/zjarr.tv\/en\/wp-json\/wp\/v2\/tags?post=139481"}],"curies":[{"name":"wp","href":"https:\/\/api.w.org\/{rel}","templated":true}]}}