{"id":142384,"date":"2020-09-11T11:46:02","date_gmt":"2020-09-11T09:46:02","guid":{"rendered":"https:\/\/zjarr.tv\/?p=142384"},"modified":"2020-09-11T11:46:02","modified_gmt":"2020-09-11T09:46:02","slug":"akuzat-ndaj-gjyqtares-margjeka-flet-avokati-i-saj-procesi-ka-shume-dritehije","status":"publish","type":"post","link":"https:\/\/zjarr.tv\/en\/akuzat-ndaj-gjyqtares-margjeka-flet-avokati-i-saj-procesi-ka-shume-dritehije\/","title":{"rendered":"Akuzat ndaj gjyqtares Margjeka: Flet avokati i saj\/ Procesi ka shum\u00eb drit\u00ebhije"},"content":{"rendered":"<div class=\"article-introtext\">\n<p>Flet avokati i gjyqtares Mimoza Margjeka e l\u00ebn\u00eb n\u00eb arrest sht\u00ebpie p\u00ebr korrupsion, p\u00ebr t\u00eb cilin \u00ebsht\u00eb arrestuar edhe bashk\u00ebshorti i saj Arben Cara, dhe dy t\u00eb tjer\u00eb, pasi do t\u00eb merrnin 6 mij\u00eb deri n\u00eb 10 mij\u00eb euro p\u00ebr lirimin e t\u00eb d\u00ebnuarit Orion Bali.<\/p>\n<\/div>\n<div class=\"article-fulltext\">\n<p>Avokati i saj ka th\u00ebn\u00eb se sipas tij \u00ebsht\u00eb vepruar me standarde t\u00eb dyfishta. Nd\u00ebrkaq ai ka shtuar se procesi ka shum\u00eb drit\u00ebhije.<\/p>\n<p>\u201c\u00cbsht\u00eb vepruar me standade t\u00eb dyfishta. Procesi ka shum\u00eb drit\u00ebhije\u201d, ka th\u00ebn\u00eb avokati.<\/p>\n<p>N\u00eb p\u00ebrgjime del fillimisht Nejson Bali, v\u00ebllai i personit t\u00eb d\u00ebnuar i cili telefonon n\u00ebn\u00ebn e tij dhe i thot\u00eb se s\u00eb pari gjyqtarja k\u00ebrkon 6 mij\u00eb euro, duke qen\u00eb se trupa gjykuese p\u00ebrbehej nga tre gjyqtar\u00eb.<\/p>\n<p>\u201cK\u00ebrkojn\u00eb fillimisht 6 mij\u00eb euro. Jan\u00eb 3 gjyqtar\u00eb, nga 2 mij\u00eb secili\u201d, i ka th\u00ebn\u00eb Nejson Bali n\u00ebn\u00ebs.<\/p>\n<p>Nd\u00ebrkoh\u00eb n\u00eb nj\u00eb p\u00ebrgjim tjet\u00ebr d\u00ebgjohet: \u201c10 mij\u00eb euro ose v\u00ebllai d\u00ebnohet 5-10 vite burg.\u201d M\u00eb pas n\u00eb sken\u00eb del avokati Sk\u00ebnder Demiraj, i cili i thot\u00eb Nejsonit \u201ckam futur njer\u00ebz me pesh\u00eb\u201d, p\u00ebr t\u00eb nxjerr nga burgu t\u00eb v\u00ebllain e tij, Orion Bali.<\/p>\n<\/div>","protected":false},"excerpt":{"rendered":"<p>Flet avokati i gjyqtares Mimoza Margjeka e l\u00ebn\u00eb n\u00eb arrest sht\u00ebpie p\u00ebr korrupsion, p\u00ebr t\u00eb cilin \u00ebsht\u00eb arrestuar edhe bashk\u00ebshorti i saj Arben Cara, dhe dy t\u00eb tjer\u00eb, pasi do t\u00eb merrnin 6 mij\u00eb deri n\u00eb 10 mij\u00eb euro p\u00ebr lirimin e t\u00eb d\u00ebnuarit Orion Bali. Avokati i saj ka th\u00ebn\u00eb se sipas tij \u00ebsht\u00eb [&hellip;]<\/p>\n","protected":false},"author":2020,"featured_media":142385,"comment_status":"open","ping_status":"closed","sticky":false,"template":"","format":"standard","meta":{"footnotes":""},"categories":[241],"tags":[],"class_list":{"0":"post-142384","1":"post","2":"type-post","3":"status-publish","4":"format-standard","5":"has-post-thumbnail","7":"category-aktualitet"},"_links":{"self":[{"href":"https:\/\/zjarr.tv\/en\/wp-json\/wp\/v2\/posts\/142384","targetHints":{"allow":["GET"]}}],"collection":[{"href":"https:\/\/zjarr.tv\/en\/wp-json\/wp\/v2\/posts"}],"about":[{"href":"https:\/\/zjarr.tv\/en\/wp-json\/wp\/v2\/types\/post"}],"author":[{"embeddable":true,"href":"https:\/\/zjarr.tv\/en\/wp-json\/wp\/v2\/users\/2020"}],"replies":[{"embeddable":true,"href":"https:\/\/zjarr.tv\/en\/wp-json\/wp\/v2\/comments?post=142384"}],"version-history":[{"count":0,"href":"https:\/\/zjarr.tv\/en\/wp-json\/wp\/v2\/posts\/142384\/revisions"}],"wp:featuredmedia":[{"embeddable":true,"href":"https:\/\/zjarr.tv\/en\/wp-json\/wp\/v2\/media\/142385"}],"wp:attachment":[{"href":"https:\/\/zjarr.tv\/en\/wp-json\/wp\/v2\/media?parent=142384"}],"wp:term":[{"taxonomy":"category","embeddable":true,"href":"https:\/\/zjarr.tv\/en\/wp-json\/wp\/v2\/categories?post=142384"},{"taxonomy":"post_tag","embeddable":true,"href":"https:\/\/zjarr.tv\/en\/wp-json\/wp\/v2\/tags?post=142384"}],"curies":[{"name":"wp","href":"https:\/\/api.w.org\/{rel}","templated":true}]}}