{"id":142423,"date":"2020-09-11T13:36:50","date_gmt":"2020-09-11T11:36:50","guid":{"rendered":"https:\/\/zjarr.tv\/?p=142423"},"modified":"2020-09-11T13:36:50","modified_gmt":"2020-09-11T11:36:50","slug":"donika-prela-mungon-sot-ne-seancen-e-kpaku-do-te-merreshe-vendimi-ndaj-sajpasi-i-semuret-nje-i-afert","status":"publish","type":"post","link":"https:\/\/zjarr.tv\/en\/donika-prela-mungon-sot-ne-seancen-e-kpaku-do-te-merreshe-vendimi-ndaj-sajpasi-i-semuret-nje-i-afert\/","title":{"rendered":"Donika Prela mungon sot n\u00eb seanc\u00ebn e KPA,ku do t\u00eb merreshe vendimi ndaj saj,pasi i s\u00ebmuret nj\u00eb &#8220;i af\u00ebrt&#8221;!"},"content":{"rendered":"<p>Kolegji i Posa\u00e7\u00ebm i Apelimit ka vendosur q\u00eb t\u00eb shtyj\u00eb dhe me nj\u00eb jav\u00eb vendimin p\u00ebr Donika Prel\u00ebn, ish-drejtuesen e Kr\u00edmeve t\u00eb R\u00ebnda. Vendimi final p\u00ebr Prel\u00ebn do t\u00eb jepet n\u00eb 18 Shtator, nd\u00ebrkoh\u00eb q\u00eb n\u00eb seanc\u00ebn e sotme vet\u00eb Prela nuk ishte e pranishme, nd\u00ebrsa mbrojtja e saj \u00ebsht\u00eb b\u00ebr\u00eb nga avokatja Blerina Tomaj.<\/p>\n<p>Prela nuk ishte e pranishme sot n\u00eb seanc\u00ebn n\u00eb KPA p\u00ebr shkak se sipas saj kishte t\u00eb s\u00ebmur\u00eb nj\u00eb person t\u00eb af\u00ebrt.<\/p>\n<p>Pak koh\u00eb m\u00eb par\u00eb KPA vendosi t\u00eb rihap\u00eb hetimin gjyq\u00ebsor p\u00ebr ish-drejtuesen e Prokuroris\u00eb p\u00ebr Kr\u00edmet e R\u00ebnda, Donika Prela, pas konfirmimit t\u00eb saj n\u00eb shkall\u00ebn e par\u00eb t\u00eb Vetingut n\u00eb KPK. Rihapja e hetimeve u b\u00eb pas k\u00ebrkes\u00ebs s\u00eb Institucionit t\u00eb Komisionerit Publik, pas disa pasakt\u00ebsive lidhur me deklarimin e t\u00eb ardhurave t\u00eb saj.<\/p>\n<p>Donika Prela m\u00eb pas doli kund\u00ebr trup\u00ebs s\u00eb gjyqtar\u00ebve t\u00eb KPA-s\u00eb, duke k\u00ebrkuar p\u00ebrjashtimin e Natasha Mul\u00ebs dhe t\u00eb Ina Ram\u00ebs, duke k\u00ebrkuar p\u00ebrjashtimin e tyre, por me vendim unanim KPA vendosi kund\u00ebr k\u00ebsaj k\u00ebrkese.<\/p>","protected":false},"excerpt":{"rendered":"<p>Kolegji i Posa\u00e7\u00ebm i Apelimit ka vendosur q\u00eb t\u00eb shtyj\u00eb dhe me nj\u00eb jav\u00eb vendimin p\u00ebr Donika Prel\u00ebn, ish-drejtuesen e Kr\u00edmeve t\u00eb R\u00ebnda. Vendimi final p\u00ebr Prel\u00ebn do t\u00eb jepet n\u00eb 18 Shtator, nd\u00ebrkoh\u00eb q\u00eb n\u00eb seanc\u00ebn e sotme vet\u00eb Prela nuk ishte e pranishme, nd\u00ebrsa mbrojtja e saj \u00ebsht\u00eb b\u00ebr\u00eb nga avokatja Blerina Tomaj. [&hellip;]<\/p>\n","protected":false},"author":2020,"featured_media":142424,"comment_status":"open","ping_status":"closed","sticky":false,"template":"","format":"standard","meta":{"footnotes":""},"categories":[241],"tags":[],"class_list":{"0":"post-142423","1":"post","2":"type-post","3":"status-publish","4":"format-standard","5":"has-post-thumbnail","7":"category-aktualitet"},"_links":{"self":[{"href":"https:\/\/zjarr.tv\/en\/wp-json\/wp\/v2\/posts\/142423","targetHints":{"allow":["GET"]}}],"collection":[{"href":"https:\/\/zjarr.tv\/en\/wp-json\/wp\/v2\/posts"}],"about":[{"href":"https:\/\/zjarr.tv\/en\/wp-json\/wp\/v2\/types\/post"}],"author":[{"embeddable":true,"href":"https:\/\/zjarr.tv\/en\/wp-json\/wp\/v2\/users\/2020"}],"replies":[{"embeddable":true,"href":"https:\/\/zjarr.tv\/en\/wp-json\/wp\/v2\/comments?post=142423"}],"version-history":[{"count":0,"href":"https:\/\/zjarr.tv\/en\/wp-json\/wp\/v2\/posts\/142423\/revisions"}],"wp:featuredmedia":[{"embeddable":true,"href":"https:\/\/zjarr.tv\/en\/wp-json\/wp\/v2\/media\/142424"}],"wp:attachment":[{"href":"https:\/\/zjarr.tv\/en\/wp-json\/wp\/v2\/media?parent=142423"}],"wp:term":[{"taxonomy":"category","embeddable":true,"href":"https:\/\/zjarr.tv\/en\/wp-json\/wp\/v2\/categories?post=142423"},{"taxonomy":"post_tag","embeddable":true,"href":"https:\/\/zjarr.tv\/en\/wp-json\/wp\/v2\/tags?post=142423"}],"curies":[{"name":"wp","href":"https:\/\/api.w.org\/{rel}","templated":true}]}}