{"id":142435,"date":"2020-09-11T13:57:57","date_gmt":"2020-09-11T11:57:57","guid":{"rendered":"https:\/\/zjarr.tv\/?p=142435"},"modified":"2020-09-11T13:57:57","modified_gmt":"2020-09-11T11:57:57","slug":"deklaron-babai-i-10-vjecarit-qe-u-perplas-per-vdekje-nga-ambulanca-ne-kakavijeato-ishin-thjesht-publikime-nga-edi-rama-asnje-lek-skam-marre","status":"publish","type":"post","link":"https:\/\/zjarr.tv\/en\/deklaron-babai-i-10-vjecarit-qe-u-perplas-per-vdekje-nga-ambulanca-ne-kakavijeato-ishin-thjesht-publikime-nga-edi-rama-asnje-lek-skam-marre\/","title":{"rendered":"Deklaron babai i 10-vje\u00e7arit q\u00eb u p\u00ebrplas p\u00ebr vdekje nga ambulanca n\u00eb Kakavij\u00eb:&#8221;Ato ishin thjesht publikime nga Edi Rama, asnj\u00eb lek skam marr\u00eb&#8221;"},"content":{"rendered":"<p>Babai i djalit 10-vje\u00e7ar q\u00eb u shtyp tragjikisht nga nj\u00eb autoambulanc\u00eb n\u00eb Kakavij\u00eb, Nik Ndoi deklaroi p\u00ebr emisionin \u201cMe zem\u00ebr t\u00eb hapur\u201d se nuk ka marr\u00eb asnj\u00eb ndihm\u00eb financiare nga shteti p\u00ebr t\u00eb p\u00ebrballuar sEhpenzimet e ceremonis\u00eb mortore.<\/p>\n<p>Ndon\u00ebse kryeministri Edi Rama deklaroi p\u00ebrmes nj\u00eb statusi n\u00eb rrjetet sociale n\u00eb 17 gusht se qeveria kishte vendosur q\u00eb t\u2019i akordonte familjes s\u00eb vog\u00eblushit nj\u00eb shum\u00eb prej 500.000 lek\u00ebsh t\u00eb reja, babai i viktim\u00ebs pohon krejt t\u00eb kund\u00ebrt\u00ebn. Babai i 10-vje\u00e7arit tha se shpenzimet i ka p\u00ebrballuar vet bashk\u00eb me familjar\u00ebt e tij, madje shtoi se askush nuk \u00ebsht\u00eb interesuar q\u00eb ta marr\u00eb m\u00eb n\u00eb pyetje.<\/p>\n<p><strong>Si ja shpjeguat gruas dhe djalit?<\/strong>\u00a0Me nusen ishte pak m\u00eb e leht\u00eb, pasi edhe pse kishte gjith\u00eb at\u00eb dhimbje, e kuptonte situat\u00ebn. Ajo q\u00eb m\u00eb lodhi me shum\u00eb ishte djali, q\u00eb duhet t\u00eb gjeja nj\u00eb m\u00ebnyr\u00eb t\u00eb ve\u00e7ant\u00eb q\u00eb t\u2019ja thoja. I thash; \u201cK\u00ebtu e k\u00ebtej do t\u00eb q\u00ebndrojm\u00eb t\u00eb dy t\u00eb fort\u00eb bashk\u00eb, p\u00ebr t\u00eb p\u00ebrballuar \u00e7do gj\u00eb. Do ta p\u00ebrballojm\u00eb bashk\u00eb dhimbjen q\u00eb t\u00eb tre, q\u00eb Samueli nuk jeton m\u00eb, na ka l\u00ebn\u00eb\u201d. Ai ishte nj\u00eb moment i v\u00ebshtir\u00eb p\u00ebr t\u00eb gjith\u00eb.<\/p>\n<p>Djali nuk ka folur asnj\u00eb gj\u00eb p\u00ebr 2 dit\u00eb. N\u00eb momentin kur po iknim me djalin e pajet\u00eb n\u00eb sht\u00ebpi, m\u00eb tha \u00e7uni tjet\u00ebr; \u201cDo vij\u00eb n\u00eb varrim babi\u201d. Dhe i them; \u201cDo t\u00eb marr babi\u201d. Nuk kisha asnj\u00eb ndihm\u00eb n\u00eb spital. As nj\u00eb ndihm\u00eb p\u00ebr kufom\u00ebn, q\u00eb ta \u00e7onte spitali me nj\u00eb ambulanc\u00eb. Ishte nj\u00eb gj\u00eb krejt e pa pritur nga ana ime q\u00eb nuk e mendoja kurr\u00eb nj\u00eb gj\u00eb t\u00eb till\u00eb. Q\u00eb mos t\u00eb pyeste nj\u00eb njeri se \u00e7far\u00eb nevoje kishim. Nuk jemi nga ata njer\u00ebz q\u00eb t\u00eb kishim nj\u00eb shum\u00eb t\u00eb madhe lek\u00ebsh me vete. S\u2019u p\u00ebrgjigj askush. Ishte nj\u00eb gj\u00eb e v\u00ebshtir\u00eb. Sikur t\u00eb dilte nj\u00eb person q\u00eb t\u00eb ofronte nj\u00eb ndihm\u00eb. \u00c7do gj\u00eb u b\u00eb nga l\u00ebvizjet e mia. Ndihm\u00eb m\u00eb erdhi nga t\u00eb af\u00ebrmit, nga shteti asgj\u00eb.<\/p>\n<p><strong>Vdekja nga se u shkaktua?\u00a0<\/strong>Nuk kam asnj\u00eb informacion nga kjo q\u00eb thoni ju. Un\u00eb thjesht i kam dh\u00ebn\u00eb at\u00eb dit\u00eb nj\u00eb informacion se si ka ndodhur ngjarja. Asgj\u00eb m\u00eb tep\u00ebr. S\u2019m\u00eb kan\u00eb marr\u00eb n\u00eb pyetje dhe as n\u00eb telefon askush tjet\u00ebr q\u00eb n\u00eb momentin q\u00eb kam dh\u00ebn\u00eb informacion at\u00eb dit\u00eb.<\/p>\n<p><strong>Shpenzimet kan\u00eb qen\u00eb familjare?\u00a0<\/strong>T\u00eb gjitha kan\u00eb qen\u00eb familjare dhe t\u00eb t\u00eb af\u00ebrmeve t\u00eb mi. Asnj\u00eb tjet\u00ebr s\u2019ka mbuluar nj\u00eb 10 lek\u00ebsh. Asnj\u00eb ndihm\u00eb nga shteti. Ato ishin thjesht \u00e7a publikime q\u00eb b\u00ebri Edi Rama n\u00eb faqet sociale. Asgj\u00eb skam marr\u00eb. Asnj\u00eb ndihm\u00eb m\u00eb e vog\u00ebl.<\/p>\n<p><strong>Jeni interesuar n\u00eb prokurori p\u00ebr \u00e7\u00ebshtjen?\u00a0<\/strong>Jo s\u2019jam interesuar. Skam pasur kurajon dhe guximin p\u00ebr at\u00eb q\u00eb m\u00eb ndodhi;\u00a0<strong>Ju e dini se kush \u00ebsht\u00eb fajtori n\u00eb k\u00ebt\u00eb \u00e7\u00ebshtje?\u00a0<\/strong>Nuk di asgj\u00eb n\u00eb k\u00ebt\u00eb mes<\/p>\n<p><strong>N\u00eb lidhje me drejtuesin e ambulanc\u00ebs dini gj\u00eb?\u00a0<\/strong>Nuk di asgj\u00eb n\u00eb k\u00ebt\u00eb mes. Kam d\u00ebgjuar para dy jav\u00ebsh q\u00eb \u00ebsht\u00eb b\u00ebr\u00eb seanca gjyq\u00ebsore dhe shoferi \u00ebsht\u00eb l\u00ebn\u00eb n\u00eb paraburgim. Me \u00e7a thon\u00eb \u00ebsht\u00eb brenda. Un\u00eb do e ndjek k\u00ebt\u00eb \u00e7\u00ebshtje deri n\u00eb fund.<\/p>\n<p>Ishte jasht\u00ebzakonisht e v\u00ebshtir\u00eb por fatmir\u00ebsisht kam pasur njer\u00ebz t\u00eb af\u00ebrt q\u00eb m\u00eb kan\u00eb ndihmuar, p\u00ebrve\u00e7 nusen me djalin q\u00eb kan\u00eb ardhur k\u00ebtej dhe i kan\u00eb ndihmuar me \u00e7do gj\u00eb. I kan\u00eb \u00e7uar dhe psikolog dhe un\u00eb nga ana tjet\u00ebr kisha prap\u00eb t\u00eb af\u00ebrmit e mi, q\u00eb nuk m\u00eb linin nj\u00eb sekond\u00eb vet\u00ebm, m\u00eb q\u00ebndronin pran\u00eb duke u munduar p\u00ebr t\u00eb m\u00eb dh\u00ebn\u00eb kuraj\u00eb forc\u00eb.<\/p>\n<p><strong>Si \u00ebsht\u00eb gjendja e bashk\u00ebshortes dhe djalit?\u00a0<\/strong>Ato jan\u00eb n\u00eb gjendje t\u00eb lodhur jan\u00eb shum\u00eb. \u00c7uni mundohet p\u00ebr ta kaluar, ishin f\u00ebmij\u00ebt e xhaxhait q\u00eb i kan\u00eb q\u00ebndruar pran\u00eb. nusja dhe pse me psikolog\u00eb, \u00ebsht\u00eb n\u00eb gjendje t\u00eb lodhur, gjith\u00eb dit\u00ebn duke qar\u00eb, duke u p\u00ebrplas. Nj\u00eb gjendje e v\u00ebshtir\u00eb p\u00ebr ta p\u00ebrballuar nj\u00eb familje.<\/p>\n<p><strong>Ku ndodhej ambulanca kur ndodhi aksidenti?\u00a0<\/strong>Ambulanca ishte n\u00eb korsin\u00eb e vet, djali ishte n\u00eb korsin\u00eb e makinave t\u00eb parkuara. Un\u00eb kam qen\u00eb me sy n\u00eb f\u00ebmij\u00eb. Ka qen\u00eb i ndaluar p\u00ebrbri makin\u00ebs. ka qen\u00eb n\u00eb vij\u00eb t\u00eb bardh\u00eb e tutje f\u00ebmija. Nuk kam marr\u00eb asnj\u00eb informacion por n\u00eb dit\u00ebt n\u00eb vijim besoj do i marr\u00eb avokati.<\/p>\n<p><strong>Sa or\u00eb keni q\u00ebndruar nga aksidenti deri n\u00eb fund?\u00a0<\/strong>Nga momenti i aksidentit, tek spitali dhe gjith\u00eb verifikimet sa koh\u00eb ka kaluar?\u00a0Kan\u00eb qen\u00eb rreth 7 or\u00eb.<\/p>","protected":false},"excerpt":{"rendered":"<p>Babai i djalit 10-vje\u00e7ar q\u00eb u shtyp tragjikisht nga nj\u00eb autoambulanc\u00eb n\u00eb Kakavij\u00eb, Nik Ndoi deklaroi p\u00ebr emisionin \u201cMe zem\u00ebr t\u00eb hapur\u201d se nuk ka marr\u00eb asnj\u00eb ndihm\u00eb financiare nga shteti p\u00ebr t\u00eb p\u00ebrballuar sEhpenzimet e ceremonis\u00eb mortore. Ndon\u00ebse kryeministri Edi Rama deklaroi p\u00ebrmes nj\u00eb statusi n\u00eb rrjetet sociale n\u00eb 17 gusht se qeveria kishte [&hellip;]<\/p>\n","protected":false},"author":2020,"featured_media":142436,"comment_status":"open","ping_status":"closed","sticky":false,"template":"","format":"standard","meta":{"footnotes":""},"categories":[241],"tags":[],"class_list":{"0":"post-142435","1":"post","2":"type-post","3":"status-publish","4":"format-standard","5":"has-post-thumbnail","7":"category-aktualitet"},"_links":{"self":[{"href":"https:\/\/zjarr.tv\/en\/wp-json\/wp\/v2\/posts\/142435","targetHints":{"allow":["GET"]}}],"collection":[{"href":"https:\/\/zjarr.tv\/en\/wp-json\/wp\/v2\/posts"}],"about":[{"href":"https:\/\/zjarr.tv\/en\/wp-json\/wp\/v2\/types\/post"}],"author":[{"embeddable":true,"href":"https:\/\/zjarr.tv\/en\/wp-json\/wp\/v2\/users\/2020"}],"replies":[{"embeddable":true,"href":"https:\/\/zjarr.tv\/en\/wp-json\/wp\/v2\/comments?post=142435"}],"version-history":[{"count":0,"href":"https:\/\/zjarr.tv\/en\/wp-json\/wp\/v2\/posts\/142435\/revisions"}],"wp:featuredmedia":[{"embeddable":true,"href":"https:\/\/zjarr.tv\/en\/wp-json\/wp\/v2\/media\/142436"}],"wp:attachment":[{"href":"https:\/\/zjarr.tv\/en\/wp-json\/wp\/v2\/media?parent=142435"}],"wp:term":[{"taxonomy":"category","embeddable":true,"href":"https:\/\/zjarr.tv\/en\/wp-json\/wp\/v2\/categories?post=142435"},{"taxonomy":"post_tag","embeddable":true,"href":"https:\/\/zjarr.tv\/en\/wp-json\/wp\/v2\/tags?post=142435"}],"curies":[{"name":"wp","href":"https:\/\/api.w.org\/{rel}","templated":true}]}}