{"id":142442,"date":"2020-09-11T14:06:01","date_gmt":"2020-09-11T12:06:01","guid":{"rendered":"https:\/\/zjarr.tv\/?p=142442"},"modified":"2020-09-11T14:06:01","modified_gmt":"2020-09-11T12:06:01","slug":"rrefimi-i-nenes-se-eglantina-bucit-8-vite-me-pare-vajza-erdhi-me-takoi-qendroi-2-dite-me-mua-se-pashe-me","status":"publish","type":"post","link":"https:\/\/zjarr.tv\/en\/rrefimi-i-nenes-se-eglantina-bucit-8-vite-me-pare-vajza-erdhi-me-takoi-qendroi-2-dite-me-mua-se-pashe-me\/","title":{"rendered":"Rr\u00ebfimi i n\u00ebn\u00ebs s\u00eb Eglantina Bucit: 8 vite m\u00eb par\u00eb vajza erdhi m\u00eb takoi, q\u00ebndroi 2 dit\u00eb me mua, s&#8217;e pash\u00eb m\u00eb"},"content":{"rendered":"<p>Rreth viteve 2003-2004 ka qen\u00eb kontakti i fundit q\u00eb n\u00ebna, Nafija ka pasur takimin e fundit me vajz\u00ebn e saj Eglantina Buci. Eglantina ka shkuar dhe e ka takuar n\u00ebn\u00ebn e saj q\u00eb jetonte te daja, pas ndarjes nga babani n\u00eb 1990. Ajo ka q\u00ebndruar 2 dit\u00eb n\u00eb at\u00eb sht\u00ebpi dhe ng ai moment, referuar d\u00ebshmis\u00eb s\u00eb n\u00ebn\u00ebs, nuk ka ditur asgj\u00eb p\u00ebr fatin e vazj\u00ebs.<\/p>\n<p><em>&#8220;Prej vitesh banoj me v\u00ebllan\u00eb Xh.D n\u00eb Laknas t\u00eb Tiran\u00ebs. Jam divorcuar nga ish-burri Faiku q\u00eb n\u00eb vitin 1990. Me Faikun kam 4 f\u00ebmij\u00eb, Shk\u00eblzen Buci,Elona Buci, Eglantina Buci dhe Ardjan Buci, i cili ka vdekur n\u00eb vitin 2017 nga nj\u00eb s\u00ebmundje e r\u00ebnd\u00eb. Pas divorcit kam marr\u00eb mbiemrin e vajz\u00ebris\u00eb. F\u00ebmij\u00ebt kan\u00eb qen\u00eb n\u00eb kujdestarin\u00eb e Faikut. Djali Shk\u00eblzen Buci, ndodhet n\u00eb burg prej vitit 2017, p\u00ebr vrasje, por nuk di m\u00eb shum\u00eb p\u00ebr t\u00eb. Vajza Elona Tufa Buci \u00ebsht\u00eb e martuar dhe banon me familjen e saj n\u00eb Babrru. P\u00ebr vajz\u00ebn tjet\u00ebr, Eglantina Buci, nuk kam asnj\u00eb dijeni prej m\u00eb shum\u00eb se tet\u00eb vjet\u00ebsh, diku nga viti 2011-2012. E kam takuar p\u00ebr her\u00eb t\u00eb fundit para rreth 8 vjet\u00ebsh, kur Eglantina erdhi tek sht\u00ebpia n\u00eb Laknas dhe ka q\u00ebndruar p\u00ebr dy dit\u00eb. Nuk e di\u00a0 se ku ndodhej Eglantina dhe \u00e7far\u00eb b\u00ebhet me t\u00eb. Kam folur dhe me vajz\u00ebn tjet\u00ebr Elon\u00ebn, por s\u00ebrish edhe kjo e fundit nuk ka qen\u00eb n\u00eb dijeni p\u00ebr fatin e motr\u00ebs s\u00eb saj&#8221;<\/em>, m\u00ebsohet t\u00eb ket\u00eb th\u00ebn\u00eb n\u00ebna.<\/p>","protected":false},"excerpt":{"rendered":"<p>Rreth viteve 2003-2004 ka qen\u00eb kontakti i fundit q\u00eb n\u00ebna, Nafija ka pasur takimin e fundit me vajz\u00ebn e saj Eglantina Buci. Eglantina ka shkuar dhe e ka takuar n\u00ebn\u00ebn e saj q\u00eb jetonte te daja, pas ndarjes nga babani n\u00eb 1990. Ajo ka q\u00ebndruar 2 dit\u00eb n\u00eb at\u00eb sht\u00ebpi dhe ng ai moment, referuar [&hellip;]<\/p>\n","protected":false},"author":2020,"featured_media":140080,"comment_status":"open","ping_status":"closed","sticky":false,"template":"","format":"standard","meta":{"footnotes":""},"categories":[241,231,235],"tags":[],"class_list":{"0":"post-142442","1":"post","2":"type-post","3":"status-publish","4":"format-standard","5":"has-post-thumbnail","7":"category-aktualitet","8":"category-lajme","9":"category-vendi"},"_links":{"self":[{"href":"https:\/\/zjarr.tv\/en\/wp-json\/wp\/v2\/posts\/142442","targetHints":{"allow":["GET"]}}],"collection":[{"href":"https:\/\/zjarr.tv\/en\/wp-json\/wp\/v2\/posts"}],"about":[{"href":"https:\/\/zjarr.tv\/en\/wp-json\/wp\/v2\/types\/post"}],"author":[{"embeddable":true,"href":"https:\/\/zjarr.tv\/en\/wp-json\/wp\/v2\/users\/2020"}],"replies":[{"embeddable":true,"href":"https:\/\/zjarr.tv\/en\/wp-json\/wp\/v2\/comments?post=142442"}],"version-history":[{"count":0,"href":"https:\/\/zjarr.tv\/en\/wp-json\/wp\/v2\/posts\/142442\/revisions"}],"wp:featuredmedia":[{"embeddable":true,"href":"https:\/\/zjarr.tv\/en\/wp-json\/wp\/v2\/media\/140080"}],"wp:attachment":[{"href":"https:\/\/zjarr.tv\/en\/wp-json\/wp\/v2\/media?parent=142442"}],"wp:term":[{"taxonomy":"category","embeddable":true,"href":"https:\/\/zjarr.tv\/en\/wp-json\/wp\/v2\/categories?post=142442"},{"taxonomy":"post_tag","embeddable":true,"href":"https:\/\/zjarr.tv\/en\/wp-json\/wp\/v2\/tags?post=142442"}],"curies":[{"name":"wp","href":"https:\/\/api.w.org\/{rel}","templated":true}]}}