{"id":142450,"date":"2020-09-11T14:12:03","date_gmt":"2020-09-11T12:12:03","guid":{"rendered":"https:\/\/zjarr.tv\/?p=142450"},"modified":"2020-09-11T14:12:03","modified_gmt":"2020-09-11T12:12:03","slug":"u-kerkua-ekspertize-adn-je-ne-gjermani-universiteti-halle-refuzoi-analizat-u-kryen-ne-kosove","status":"publish","type":"post","link":"https:\/\/zjarr.tv\/en\/u-kerkua-ekspertize-adn-je-ne-gjermani-universiteti-halle-refuzoi-analizat-u-kryen-ne-kosove\/","title":{"rendered":"U k\u00ebrkua ekspertiz\u00eb ADN-je n\u00eb Gjermani\/ Universiteti Halle refuzoi, analizat u kryen n\u00eb Kosov\u00eb!"},"content":{"rendered":"<p>P\u00ebr t\u00eb zbardhur ngjarjen makabre t\u00eb vrasjes s\u00eb Eglantina Bucit, prokuroria e Tiran\u00ebs n\u00eb dat\u00ebn 8 janar 2019 i ka k\u00ebrkuar ndihm\u00eb juridike autoritete t\u00eb drejt\u00ebsis\u00eb Gjermane, ku \u00ebsht\u00eb dashur q\u00eb t\u00eb kryhen analizat mjeko-ligjore pran\u00eb Universitetit Halle.<\/p>\n<p>Mir\u00ebpo n\u00eb 10 maj 2019, autoritet Gjermane kan\u00eb d\u00ebrguar p\u00ebrgjigje n\u00eb adres\u00eb t\u00eb prokuroris\u00eb s\u00eb Tiran\u00ebs, ku tregonin se e kishin t\u00eb pamundur p\u00ebr t&#8217;u aktivizuar n\u00eb k\u00ebt\u00eb ekspertim mjeko-ligjor t\u00eb eshtrave t\u00eb gjetura n\u00eb Malin e Dajtit. Mandej prokuroria i ka k\u00ebrkuar ndihm\u00eb p\u00ebr kryerjen e ekspertiz\u00ebs s\u00eb ADN-s\u00eb, ministris\u00eb s\u00eb Drejt\u00ebsis\u00eb n\u00eb Kosov\u00eb. Vendimi p\u00ebr kryerjen e k\u00ebsaj ekspertize \u00ebsht\u00eb realizuar n\u00eb 7 maj 2020. N\u00eb 27 gusht 2020, \u00ebsht\u00eb arritur t\u00eb administrohet nj\u00eb p\u00ebrgjigje nga pala Kosovare, e cila konfirmonte se eshtrat i p\u00ebrkisnin nj\u00eb kufome t\u00eb seksit fem\u00ebr, por pa p\u00ebrcaktuar koh\u00ebn e vdekjes dhe mosh\u00ebn e viktim\u00ebs.<\/p>\n<p>N\u00eb shtator 2020 \u00ebsht\u00eb thirrur n\u00ebna biologjike, e Eglantina Bucit, Nafije Deda, e cila ka dh\u00ebn\u00eb me d\u00ebshir\u00ebn e saj nj\u00eb kampion p\u00ebshtyme. N\u00eb 4 shtator, policia dhe prokuroria kan\u00eb konfirmuar se profile gjenetik i p\u00ebshtym\u00ebs p\u00ebrputhet me eshtrat e gjetura n\u00eb malin e Dajtit, ku ka nj\u00eb p\u00ebrputhje t\u00eb plot\u00eb n\u00ebn\u00eb-bij\u00eb.<\/p>","protected":false},"excerpt":{"rendered":"<p>P\u00ebr t\u00eb zbardhur ngjarjen makabre t\u00eb vrasjes s\u00eb Eglantina Bucit, prokuroria e Tiran\u00ebs n\u00eb dat\u00ebn 8 janar 2019 i ka k\u00ebrkuar ndihm\u00eb juridike autoritete t\u00eb drejt\u00ebsis\u00eb Gjermane, ku \u00ebsht\u00eb dashur q\u00eb t\u00eb kryhen analizat mjeko-ligjore pran\u00eb Universitetit Halle. Mir\u00ebpo n\u00eb 10 maj 2019, autoritet Gjermane kan\u00eb d\u00ebrguar p\u00ebrgjigje n\u00eb adres\u00eb t\u00eb prokuroris\u00eb s\u00eb Tiran\u00ebs, ku [&hellip;]<\/p>\n","protected":false},"author":2020,"featured_media":0,"comment_status":"open","ping_status":"closed","sticky":false,"template":"","format":"standard","meta":{"footnotes":""},"categories":[241,231,235],"tags":[],"class_list":{"0":"post-142450","1":"post","2":"type-post","3":"status-publish","4":"format-standard","6":"category-aktualitet","7":"category-lajme","8":"category-vendi"},"_links":{"self":[{"href":"https:\/\/zjarr.tv\/en\/wp-json\/wp\/v2\/posts\/142450","targetHints":{"allow":["GET"]}}],"collection":[{"href":"https:\/\/zjarr.tv\/en\/wp-json\/wp\/v2\/posts"}],"about":[{"href":"https:\/\/zjarr.tv\/en\/wp-json\/wp\/v2\/types\/post"}],"author":[{"embeddable":true,"href":"https:\/\/zjarr.tv\/en\/wp-json\/wp\/v2\/users\/2020"}],"replies":[{"embeddable":true,"href":"https:\/\/zjarr.tv\/en\/wp-json\/wp\/v2\/comments?post=142450"}],"version-history":[{"count":0,"href":"https:\/\/zjarr.tv\/en\/wp-json\/wp\/v2\/posts\/142450\/revisions"}],"wp:attachment":[{"href":"https:\/\/zjarr.tv\/en\/wp-json\/wp\/v2\/media?parent=142450"}],"wp:term":[{"taxonomy":"category","embeddable":true,"href":"https:\/\/zjarr.tv\/en\/wp-json\/wp\/v2\/categories?post=142450"},{"taxonomy":"post_tag","embeddable":true,"href":"https:\/\/zjarr.tv\/en\/wp-json\/wp\/v2\/tags?post=142450"}],"curies":[{"name":"wp","href":"https:\/\/api.w.org\/{rel}","templated":true}]}}