{"id":142462,"date":"2020-09-11T14:20:39","date_gmt":"2020-09-11T12:20:39","guid":{"rendered":"https:\/\/zjarr.tv\/?p=142462"},"modified":"2020-09-11T14:20:39","modified_gmt":"2020-09-11T12:20:39","slug":"vdekja-e-10-vjecarit-qe-u-perplas-nga-ambulanca-babai-mes-loteshdjali-u-cua-me-ambulance-pa-oksigjen-vetem-gruaja-rrinte-me-te","status":"publish","type":"post","link":"https:\/\/zjarr.tv\/en\/vdekja-e-10-vjecarit-qe-u-perplas-nga-ambulanca-babai-mes-loteshdjali-u-cua-me-ambulance-pa-oksigjen-vetem-gruaja-rrinte-me-te\/","title":{"rendered":"Vdekja e 10-vje\u00e7arit q\u00eb u p\u00ebrplas nga ambulanca, babai mes lot\u00ebsh:&#8221;Djali u \u00e7ua me ambulanc\u00eb pa oksigjen, vet\u00ebm gruaja rrinte me t\u00eb&#8221;"},"content":{"rendered":"<div class=\"article-introtext\">\n<p>Babai i 10 vje\u00e7arit Samuel Ndoj q\u00eb vdiq pasi u shtyp nga ambulanca n\u00eb Kakavij\u00eb, nd\u00ebrsa ishte n\u00eb pritje p\u00ebr t\u00eb kaluar kufirin grek, ka treguar gjith\u00e7ka ka par\u00eb nga kjo tragjedi q\u00eb tronditi familjen.<\/p>\n<\/div>\n<div class=\"article-fulltext\">\n<p>N\u00eb emisionin \u201cMe zem\u00ebr t\u00eb hapur\u201d n\u00eb News24 mes lot\u00ebsh ai tha se djali i plagosur shoq\u00ebrohej vet\u00ebm nga e \u00ebma, pasi infermierja q\u00ebndroi me shoferin dhe ambulanca nuk kishte as oksigjen.<\/p>\n<p><strong>Pjes\u00eb nga intervista:<\/strong><\/p>\n<p>A ju ka telefonuar kush nga ana e shoferit t\u00eb ambulanc\u00ebs apo dikush tjet\u00ebr?<\/p>\n<p>Asnj\u00ebri n\u00eb bot\u00eb nuk m\u00eb ka marr\u00eb mua p\u00ebr k\u00ebt\u00eb rast n\u00eb telefon.<\/p>\n<p>\u00c7far\u00eb ndodhi me vog\u00eblushin pas aksidentit?<\/p>\n<p>Shkuam n\u00eb spital. Na treguan q\u00eb \u00e7uni nuk ishte m\u00eb n\u00eb jet\u00eb. N\u00eb momentin kur shkuam n\u00eb spital, m\u00eb \u00e7oi policia. Nj\u00eb infermiere dhe nj\u00eb ambulanc\u00eb q\u00eb e ka \u00e7uar \u00e7unin, nuk kishte as oksigjen, infermierja ndenji me shoferin. Nusja ndenji me f\u00ebmij\u00ebn.<\/p>\n<p>\u00c7far\u00eb thoshte nusja juaj?<\/p>\n<p>Ajo thoshte ishte n\u00eb jet\u00eb sikur t\u00eb\u2026Por dhe ajo nuk ka qen\u00eb n\u00eb gjendje, ka qen\u00eb e shokuar.<\/p>\n<p>Skeda e vdekjes e thot\u00eb besoj kur ka nd\u00ebrruar jet\u00eb?<\/p>\n<p>Nuk e kam par\u00eb por doktori m\u00eb ka th\u00ebn\u00eb q\u00eb f\u00ebmija ka shkuar pa jet\u00eb n\u00eb spital.<\/p>\n<p>Ju thoni q\u00eb ka pasur shenja jete?<\/p>\n<p>Nusja q\u00eb m\u00eb ka th\u00ebn\u00eb q\u00eb e ka pasur n\u00eb dor\u00eb, ka qen\u00eb vet\u00ebm me djalin. Nusja m\u00eb thot\u00eb se ai ishte mir\u00eb.<\/p>\n<p>Ju shkuat n\u00eb spital me djalin tjet\u00ebr?<\/p>\n<p>N\u00eb momentin q\u00eb hyra tek spitali, pash\u00eb infermieren q\u00eb ishte n\u00eb ambulanc\u00ebn q\u00eb kishte transportuar djalin, i them \u00e7uni jeton?<\/p>\n<p>M\u00eb thot\u00eb po. I them p\u00ebrs\u00ebri, m\u00eb thot\u00eb po. Kisha dhe djalin tjet\u00ebr e mundohesha t\u00eb forcohesha p\u00ebr \u00e7unin q\u00eb t\u00eb mos kishte probleme. Por ai i kishte par\u00eb gjith\u00e7ka.<\/p>\n<p>Sa vje\u00e7 \u00ebsht\u00eb djali tjet\u00ebr?<\/p>\n<p>Djali b\u00ebn 12 vje\u00e7 p\u00ebr 4-5 muaj. Gruaja ka qen\u00eb me oksigjen. Pas 10 minutash q\u00eb kam hyr\u00eb n\u00eb spital, p\u00ebraf\u00ebrsisht se mua minutat m\u00eb dukeshin or\u00eb atje, ka dal\u00eb doktori dhe m\u00eb ka th\u00ebn\u00eb q\u00eb \u00e7uni ka mbaruar dhe p\u00ebr mua ishte nj\u00eb gj\u00eb tep\u00ebr e v\u00ebshtir\u00eb, si ta p\u00ebrballoja nj\u00eb gj\u00eb kaq t\u00eb v\u00ebshtira. (qan\u2026) N\u00eb nj\u00ebr\u00ebn an\u00eb \u00e7uni i vdekur, n\u00eb an\u00ebn tjet\u00ebr si ta gjeja m\u00ebnyr\u00ebn si t\u2019ia thosha \u00e7unit tjet\u00ebr apo nga ana tjet\u00ebr q\u00eb nusja ishte e shokuar dhe ajo. Ishte nj\u00eb moment tep\u00ebr i v\u00ebshtir\u00eb, i pap\u00ebrballuesh\u00ebm. Jasht\u00ebzakonisht i v\u00ebshtir\u00eb. (qan pa pushim me ngash\u00ebrima)<\/p>\n<\/div>","protected":false},"excerpt":{"rendered":"<p>Babai i 10 vje\u00e7arit Samuel Ndoj q\u00eb vdiq pasi u shtyp nga ambulanca n\u00eb Kakavij\u00eb, nd\u00ebrsa ishte n\u00eb pritje p\u00ebr t\u00eb kaluar kufirin grek, ka treguar gjith\u00e7ka ka par\u00eb nga kjo tragjedi q\u00eb tronditi familjen. N\u00eb emisionin \u201cMe zem\u00ebr t\u00eb hapur\u201d n\u00eb News24 mes lot\u00ebsh ai tha se djali i plagosur shoq\u00ebrohej vet\u00ebm nga e [&hellip;]<\/p>\n","protected":false},"author":2020,"featured_media":142436,"comment_status":"open","ping_status":"closed","sticky":false,"template":"","format":"standard","meta":{"footnotes":""},"categories":[1],"tags":[],"class_list":{"0":"post-142462","1":"post","2":"type-post","3":"status-publish","4":"format-standard","5":"has-post-thumbnail","7":"category-uncategorized-sq"},"_links":{"self":[{"href":"https:\/\/zjarr.tv\/en\/wp-json\/wp\/v2\/posts\/142462","targetHints":{"allow":["GET"]}}],"collection":[{"href":"https:\/\/zjarr.tv\/en\/wp-json\/wp\/v2\/posts"}],"about":[{"href":"https:\/\/zjarr.tv\/en\/wp-json\/wp\/v2\/types\/post"}],"author":[{"embeddable":true,"href":"https:\/\/zjarr.tv\/en\/wp-json\/wp\/v2\/users\/2020"}],"replies":[{"embeddable":true,"href":"https:\/\/zjarr.tv\/en\/wp-json\/wp\/v2\/comments?post=142462"}],"version-history":[{"count":0,"href":"https:\/\/zjarr.tv\/en\/wp-json\/wp\/v2\/posts\/142462\/revisions"}],"wp:featuredmedia":[{"embeddable":true,"href":"https:\/\/zjarr.tv\/en\/wp-json\/wp\/v2\/media\/142436"}],"wp:attachment":[{"href":"https:\/\/zjarr.tv\/en\/wp-json\/wp\/v2\/media?parent=142462"}],"wp:term":[{"taxonomy":"category","embeddable":true,"href":"https:\/\/zjarr.tv\/en\/wp-json\/wp\/v2\/categories?post=142462"},{"taxonomy":"post_tag","embeddable":true,"href":"https:\/\/zjarr.tv\/en\/wp-json\/wp\/v2\/tags?post=142462"}],"curies":[{"name":"wp","href":"https:\/\/api.w.org\/{rel}","templated":true}]}}