{"id":142469,"date":"2020-09-11T14:25:37","date_gmt":"2020-09-11T12:25:37","guid":{"rendered":"https:\/\/zjarr.tv\/?p=142469"},"modified":"2020-09-11T14:25:37","modified_gmt":"2020-09-11T12:25:37","slug":"ke-i-kerkon-shqiperise-qe-te-ngreje-sa-me-shpejt-gjykaten-kushtetuesekusht-per-negociatat-nderqeveritare","status":"publish","type":"post","link":"https:\/\/zjarr.tv\/en\/ke-i-kerkon-shqiperise-qe-te-ngreje-sa-me-shpejt-gjykaten-kushtetuesekusht-per-negociatat-nderqeveritare\/","title":{"rendered":"KE i k\u00ebrkon Shqip\u00ebris\u00eb q\u00eb t\u00eb ngrej\u00eb sa m\u00eb shpejt Gjykat\u00ebn Kushtetuese,kusht p\u00ebr negociatat nd\u00ebrqeveritare"},"content":{"rendered":"<p>Komisioni Europian i k\u00ebrkon Shqip\u00ebris\u00eb q\u00eb t\u00eb ngrej\u00eb sa m\u00eb shpejt Gjykat\u00ebn Kushtetuese. Z\u00ebdh\u00ebn\u00ebsja e Komisionit Europian, Ana Pisonero-Hernandez lidhur me munges\u00ebn e ngritjes dhe funksionimit t\u00eb k\u00ebsaj gjykate n\u00eb Shqip\u00ebri u shpreh p\u00ebr Abc News se Kushtetuesja \u00ebsht\u00eb kusht p\u00ebr mbajtjen e konferenc\u00ebs s\u00eb par\u00eb nd\u00ebrqeveritare p\u00ebr negociatat.<\/p>\n<p>\u201cNe presim finalizimin e em\u00ebrimeve n\u00eb Gjykat\u00ebn Kushtetuese p\u00ebr ta lejuar at\u00eb t\u00eb rifilloj\u00eb plot\u00ebsisht funksionet e saj. BE inkurajon autoritetet shqiptare t\u00eb veprojn\u00eb pa vones\u00eb me synimin p\u00ebr t\u00eb rivendosur plot\u00ebsisht funksionimin e saj.<\/p>\n<p>Kjo \u00ebsht\u00eb gjithashtu nj\u00eb k\u00ebrkes\u00eb e konkluzioneve t\u00eb K\u00ebshillit t\u00eb 25 Marsit 2020 para mbajtjes se konferenc\u00ebs s\u00eb par\u00eb nd\u00ebrqeveritare. Opinioni i Komisionit t\u00eb Venecias ofron udh\u00ebzimet e nevojshme p\u00ebr autoritetet shqiptare p\u00ebr t\u00eb p\u00ebrfunduar me shpejt\u00ebsi em\u00ebrimet n\u00eb Gjykat\u00ebn Kushtetuese\u201d tha ajo.<\/p>\n<p>Dy dit\u00eb m\u00eb par\u00eb ishte ambasadorja amerikane n\u00eb vendin ton\u00eb,\u00a0Yuri Kim, q\u00eb k\u00ebrkoi q\u00eb Gjykata Kushtetuese t\u00eb ngrihet dhe t\u00eb nis\u00eb funksionimin n\u00eb fund t\u00eb vitit.<\/p>","protected":false},"excerpt":{"rendered":"<p>Komisioni Europian i k\u00ebrkon Shqip\u00ebris\u00eb q\u00eb t\u00eb ngrej\u00eb sa m\u00eb shpejt Gjykat\u00ebn Kushtetuese. Z\u00ebdh\u00ebn\u00ebsja e Komisionit Europian, Ana Pisonero-Hernandez lidhur me munges\u00ebn e ngritjes dhe funksionimit t\u00eb k\u00ebsaj gjykate n\u00eb Shqip\u00ebri u shpreh p\u00ebr Abc News se Kushtetuesja \u00ebsht\u00eb kusht p\u00ebr mbajtjen e konferenc\u00ebs s\u00eb par\u00eb nd\u00ebrqeveritare p\u00ebr negociatat. \u201cNe presim finalizimin e em\u00ebrimeve n\u00eb [&hellip;]<\/p>\n","protected":false},"author":2020,"featured_media":142470,"comment_status":"open","ping_status":"closed","sticky":false,"template":"","format":"standard","meta":{"footnotes":""},"categories":[241,191],"tags":[],"class_list":{"0":"post-142469","1":"post","2":"type-post","3":"status-publish","4":"format-standard","5":"has-post-thumbnail","7":"category-aktualitet","8":"category-bota"},"_links":{"self":[{"href":"https:\/\/zjarr.tv\/en\/wp-json\/wp\/v2\/posts\/142469","targetHints":{"allow":["GET"]}}],"collection":[{"href":"https:\/\/zjarr.tv\/en\/wp-json\/wp\/v2\/posts"}],"about":[{"href":"https:\/\/zjarr.tv\/en\/wp-json\/wp\/v2\/types\/post"}],"author":[{"embeddable":true,"href":"https:\/\/zjarr.tv\/en\/wp-json\/wp\/v2\/users\/2020"}],"replies":[{"embeddable":true,"href":"https:\/\/zjarr.tv\/en\/wp-json\/wp\/v2\/comments?post=142469"}],"version-history":[{"count":0,"href":"https:\/\/zjarr.tv\/en\/wp-json\/wp\/v2\/posts\/142469\/revisions"}],"wp:featuredmedia":[{"embeddable":true,"href":"https:\/\/zjarr.tv\/en\/wp-json\/wp\/v2\/media\/142470"}],"wp:attachment":[{"href":"https:\/\/zjarr.tv\/en\/wp-json\/wp\/v2\/media?parent=142469"}],"wp:term":[{"taxonomy":"category","embeddable":true,"href":"https:\/\/zjarr.tv\/en\/wp-json\/wp\/v2\/categories?post=142469"},{"taxonomy":"post_tag","embeddable":true,"href":"https:\/\/zjarr.tv\/en\/wp-json\/wp\/v2\/tags?post=142469"}],"curies":[{"name":"wp","href":"https:\/\/api.w.org\/{rel}","templated":true}]}}