{"id":142471,"date":"2020-09-11T14:27:49","date_gmt":"2020-09-11T12:27:49","guid":{"rendered":"https:\/\/zjarr.tv\/?p=142471"},"modified":"2020-09-11T14:27:49","modified_gmt":"2020-09-11T12:27:49","slug":"modelja-me-e-re-e-gucci-t-me-sindromen-down-po-ben-namin-ne-rrjete-sociale","status":"publish","type":"post","link":"https:\/\/zjarr.tv\/en\/modelja-me-e-re-e-gucci-t-me-sindromen-down-po-ben-namin-ne-rrjete-sociale\/","title":{"rendered":"Modelja m\u00eb e re e Gucci-t me sindrom\u00ebn Down po b\u00ebn namin n\u00eb rrjete sociale"},"content":{"rendered":"<p>T\u00eb gjith\u00eb jemi m\u00ebsuar q\u00eb n\u00eb bot\u00ebn e mod\u00ebs dhe t\u00eb pasarelave t\u00eb shohim imazhe perfekte t\u00eb femrave t\u00eb ndryshme. Megjithat\u00eb koh\u00ebt e fundit gjith\u00e7ka po ndryshon. Firma prestigjioze \u201cGucci\u201d ka vendosur t\u00eb p\u00ebrfaq\u00ebsohet nga vajza larg imazhit t\u00eb s\u00eb p\u00ebrsosur\u00ebs. K\u00ebshtu ndodhi me modelen Armine Harutyunyan e tani me nj\u00eb tjet\u00ebr vajz\u00eb t\u00eb thjesht\u00eb, 18-vje\u00e7aren Ellie Goldstein.<\/p>\n<p>Ajo ka t\u00ebrhequr menj\u00ebher\u00eb v\u00ebmendjen e t\u00eb gjith\u00ebve. Vajza me sindrom\u00ebn Down p\u00ebrcjell vet\u00ebm pozitivitet me buz\u00ebqeshjen e saj t\u00eb \u00ebmb\u00ebl.\u00a0Imazhet e saj n\u00eb faqen zyrtare t\u00eb \u2018Gucci\u2019 kan\u00eb arritur plot 863 mij\u00eb p\u00eblqime, duke treguar se Ellie \u00ebsht\u00eb p\u00eblqyer shum\u00eb.<img decoding=\"async\" src=\"https:\/\/www.faxweb.al\/wp-content\/uploads\/2020\/09\/modelja-2-600x286.png\" \/><\/p>","protected":false},"excerpt":{"rendered":"<p>T\u00eb gjith\u00eb jemi m\u00ebsuar q\u00eb n\u00eb bot\u00ebn e mod\u00ebs dhe t\u00eb pasarelave t\u00eb shohim imazhe perfekte t\u00eb femrave t\u00eb ndryshme. Megjithat\u00eb koh\u00ebt e fundit gjith\u00e7ka po ndryshon. Firma prestigjioze \u201cGucci\u201d ka vendosur t\u00eb p\u00ebrfaq\u00ebsohet nga vajza larg imazhit t\u00eb s\u00eb p\u00ebrsosur\u00ebs. K\u00ebshtu ndodhi me modelen Armine Harutyunyan e tani me nj\u00eb tjet\u00ebr vajz\u00eb t\u00eb thjesht\u00eb, [&hellip;]<\/p>\n","protected":false},"author":2020,"featured_media":142474,"comment_status":"open","ping_status":"closed","sticky":false,"template":"","format":"standard","meta":{"footnotes":""},"categories":[241,191,231,193],"tags":[],"class_list":{"0":"post-142471","1":"post","2":"type-post","3":"status-publish","4":"format-standard","5":"has-post-thumbnail","7":"category-aktualitet","8":"category-bota","9":"category-lajme","10":"category-showbiz"},"_links":{"self":[{"href":"https:\/\/zjarr.tv\/en\/wp-json\/wp\/v2\/posts\/142471","targetHints":{"allow":["GET"]}}],"collection":[{"href":"https:\/\/zjarr.tv\/en\/wp-json\/wp\/v2\/posts"}],"about":[{"href":"https:\/\/zjarr.tv\/en\/wp-json\/wp\/v2\/types\/post"}],"author":[{"embeddable":true,"href":"https:\/\/zjarr.tv\/en\/wp-json\/wp\/v2\/users\/2020"}],"replies":[{"embeddable":true,"href":"https:\/\/zjarr.tv\/en\/wp-json\/wp\/v2\/comments?post=142471"}],"version-history":[{"count":0,"href":"https:\/\/zjarr.tv\/en\/wp-json\/wp\/v2\/posts\/142471\/revisions"}],"wp:featuredmedia":[{"embeddable":true,"href":"https:\/\/zjarr.tv\/en\/wp-json\/wp\/v2\/media\/142474"}],"wp:attachment":[{"href":"https:\/\/zjarr.tv\/en\/wp-json\/wp\/v2\/media?parent=142471"}],"wp:term":[{"taxonomy":"category","embeddable":true,"href":"https:\/\/zjarr.tv\/en\/wp-json\/wp\/v2\/categories?post=142471"},{"taxonomy":"post_tag","embeddable":true,"href":"https:\/\/zjarr.tv\/en\/wp-json\/wp\/v2\/tags?post=142471"}],"curies":[{"name":"wp","href":"https:\/\/api.w.org\/{rel}","templated":true}]}}