{"id":142477,"date":"2020-09-11T14:33:08","date_gmt":"2020-09-11T12:33:08","guid":{"rendered":"https:\/\/zjarr.tv\/?p=142477"},"modified":"2020-09-11T14:33:44","modified_gmt":"2020-09-11T12:33:44","slug":"vazhdon-operacioni-perimetri-policia-arreston-1-person-dhe-shpall-ne-kerkim-2-te-tjeretransportonin-20-emigrante-te-paligjshem","status":"publish","type":"post","link":"https:\/\/zjarr.tv\/en\/vazhdon-operacioni-perimetri-policia-arreston-1-person-dhe-shpall-ne-kerkim-2-te-tjeretransportonin-20-emigrante-te-paligjshem\/","title":{"rendered":"Vazhdon operacioni &#8220;Perimetri&#8221;\/Policia arreston 1 person dhe shpall n\u00eb k\u00ebrkim 2 t\u00eb tjer\u00eb,transportonin 20 emigrant\u00eb t\u00eb paligjsh\u00ebm"},"content":{"rendered":"<p>Policia e Kor\u00e7\u00ebs njofton se ka arrestuar nj\u00eb person dhe ka shpallur n\u00eb k\u00ebrkim 2 t\u00eb tjer\u00eb, t\u00eb akuzuar p\u00ebr transportin e 20 emigrant\u00ebve t\u00eb paligjsh\u00ebm.<\/p>\n<p>Sipas uniformave blu, i arrestuari dhe personat e shpallur n\u00eb k\u00ebrkim iu premtonin emigrant\u00ebve kalimin n\u00eb vendet e BE-s\u00eb kundrejt shumave t\u00eb caktuara t\u00eb parave.<\/p>\n<p><strong>Njoftimi i policis\u00eb:<\/strong><\/p>\n<p>Qarku Kor\u00e7\u00eb<\/p>\n<p>Vijon operacioni policor i koduar \u201cPerimetri\u201d.<\/p>\n<p>N\u00eb kuad\u00ebr t\u00eb k\u00ebtij operacioni goditen tre raste t\u00eb tjera n\u00eb fush\u00ebn e dh\u00ebnie ndihm\u00ebs shtetasve t\u00eb huaj, p\u00ebr kalim t\u00eb paligjsh\u00ebm t\u00eb kufirit, kundrejt shp\u00ebrblimit.<\/p>\n<p>Vihet n\u00eb pranga nj\u00eb shtetas dhe shpallen n\u00eb k\u00ebrkim dy t\u00eb tjer\u00eb, t\u00eb cil\u00ebt po transportonin 20 emigrant\u00eb t\u00eb paligjsh\u00ebm.<\/p>\n<p>Dy personat e shpallur n\u00eb k\u00ebrkim, gjat\u00eb ndjekjes nuk i jan\u00eb bindur urdhrit t\u00eb punonj\u00ebsve t\u00eb policis\u00eb p\u00ebr t\u00eb ndaluar.<\/p>\n<p>Strukturat p\u00ebr Hetimin e Krimeve n\u00eb Drejtorin\u00eb Vendore t\u00eb Policis\u00eb Kor\u00e7\u00eb, n\u00eb bashk\u00ebpunim me Policin\u00eb Kufitare, Sektorin e Policis\u00eb Rrugore dhe Komisariatin e Policis\u00eb Pogradec, n\u00eb vijim t\u00eb operacionit policor \u201cPerimetri\u201d, kan\u00eb goditur tre raste t\u00eb tjera t\u00eb aktivitetit kriminal n\u00eb fush\u00ebn e dh\u00ebnies ndihm\u00eb shtetasve t\u00eb huaj, p\u00ebr kalim t\u00eb paligjsh\u00ebm t\u00eb kufirit, kundrejt shp\u00ebrblimit, si rezultat i t\u00eb cilit u b\u00eb kapja dhe arrestimi n\u00eb flagranc\u00eb i shtetasit Arben Gajtani, 46 vje\u00e7, banues n\u00eb Prishtin\u00eb, Kosov\u00eb, i cili u kap nga punonj\u00ebsit e Policis\u00eb Rrugore, n\u00eb aksin Kor\u00e7\u00eb-Pogradec, n\u00eb af\u00ebrsi t\u00eb vendit t\u00eb quajtur \u201cKryq\u00ebzimi i Libonikut\u201d, duke transportuar me mjetin furgon tip \u201cVolks\u00ebagen\u201d, n\u00eb drejtim t\u00eb Tiran\u00ebs, 7 emigrant\u00eb t\u00eb paligjsh\u00ebm, t\u00eb cil\u00ebve kundrejt fitimit iu kishte premtuar kalimin drejt vendeve t\u00eb BE-s\u00eb.<\/p>\n<p>Gjithashtu filloi procedimi penal dhe po punohet intensivisht p\u00ebr kapjen e shtetasve A. K., 25 vje\u00e7 dhe A. Th., 49 vje\u00e7, t\u00eb dy banues n\u00eb Durr\u00ebs.<\/p>\n<p>Sh\u00ebrbimet e Policis\u00eb Rrugore, n\u00eb baz\u00eb t\u00eb informacioneve t\u00eb siguruara n\u00eb rrug\u00eb policore, jan\u00eb v\u00ebn\u00eb n\u00eb ndjekje t\u00eb dy automjeteve, respektivisht fuoristrad\u00eb tip \u201cBenz\u201d dhe mjetit furgon tip \u201cFord Transit\u201d, me drejtues shtetasit e lartp\u00ebrmendur, t\u00eb cil\u00ebt nuk i jan\u00eb bindur urdhrit t\u00eb punonj\u00ebsve p\u00ebr t\u00eb ndaluar dhe kan\u00eb braktisur mjetet e tyre n\u00eb af\u00ebrsi t\u00eb fshatit Hud\u00ebnisht, Pogradec, me 13 emigrant\u00eb t\u00eb paligjsh\u00ebm, t\u00eb cil\u00ebve kundrejt shp\u00ebrblimit iu kishin premtuar kalimin drejt vendeve t\u00eb BE-s\u00eb.<\/p>\n<p>Materialet n\u00eb ngarkim t\u00eb tyre i kaluan Prokurorive t\u00eb Rretheve Gjyq\u00ebsore Kor\u00e7\u00eb dhe Pogradec, p\u00ebr veprime t\u00eb m\u00ebtejshme.<\/p>","protected":false},"excerpt":{"rendered":"<p>Policia e Kor\u00e7\u00ebs njofton se ka arrestuar nj\u00eb person dhe ka shpallur n\u00eb k\u00ebrkim 2 t\u00eb tjer\u00eb, t\u00eb akuzuar p\u00ebr transportin e 20 emigrant\u00ebve t\u00eb paligjsh\u00ebm. Sipas uniformave blu, i arrestuari dhe personat e shpallur n\u00eb k\u00ebrkim iu premtonin emigrant\u00ebve kalimin n\u00eb vendet e BE-s\u00eb kundrejt shumave t\u00eb caktuara t\u00eb parave. Njoftimi i policis\u00eb: Qarku [&hellip;]<\/p>\n","protected":false},"author":2020,"featured_media":141515,"comment_status":"open","ping_status":"closed","sticky":false,"template":"","format":"standard","meta":{"footnotes":""},"categories":[241],"tags":[],"class_list":{"0":"post-142477","1":"post","2":"type-post","3":"status-publish","4":"format-standard","5":"has-post-thumbnail","7":"category-aktualitet"},"_links":{"self":[{"href":"https:\/\/zjarr.tv\/en\/wp-json\/wp\/v2\/posts\/142477","targetHints":{"allow":["GET"]}}],"collection":[{"href":"https:\/\/zjarr.tv\/en\/wp-json\/wp\/v2\/posts"}],"about":[{"href":"https:\/\/zjarr.tv\/en\/wp-json\/wp\/v2\/types\/post"}],"author":[{"embeddable":true,"href":"https:\/\/zjarr.tv\/en\/wp-json\/wp\/v2\/users\/2020"}],"replies":[{"embeddable":true,"href":"https:\/\/zjarr.tv\/en\/wp-json\/wp\/v2\/comments?post=142477"}],"version-history":[{"count":0,"href":"https:\/\/zjarr.tv\/en\/wp-json\/wp\/v2\/posts\/142477\/revisions"}],"wp:featuredmedia":[{"embeddable":true,"href":"https:\/\/zjarr.tv\/en\/wp-json\/wp\/v2\/media\/141515"}],"wp:attachment":[{"href":"https:\/\/zjarr.tv\/en\/wp-json\/wp\/v2\/media?parent=142477"}],"wp:term":[{"taxonomy":"category","embeddable":true,"href":"https:\/\/zjarr.tv\/en\/wp-json\/wp\/v2\/categories?post=142477"},{"taxonomy":"post_tag","embeddable":true,"href":"https:\/\/zjarr.tv\/en\/wp-json\/wp\/v2\/tags?post=142477"}],"curies":[{"name":"wp","href":"https:\/\/api.w.org\/{rel}","templated":true}]}}