{"id":142483,"date":"2020-09-11T14:38:52","date_gmt":"2020-09-11T12:38:52","guid":{"rendered":"https:\/\/zjarr.tv\/?p=142483"},"modified":"2020-09-11T14:33:20","modified_gmt":"2020-09-11T12:33:20","slug":"shtetet-e-jugut-te-be-se-kercenojne-turqine-me-sanksione","status":"publish","type":"post","link":"https:\/\/zjarr.tv\/en\/shtetet-e-jugut-te-be-se-kercenojne-turqine-me-sanksione\/","title":{"rendered":"Shtetet e jugut t\u00eb BE-s\u00eb k\u00ebrc\u00ebnojn\u00eb Turqin\u00eb me sanksione"},"content":{"rendered":"<p>Shtetet jugore t\u00eb Bashkimit Evropian than\u00eb se do t\u00eb hartojn\u00eb nj\u00eb list\u00eb t\u00eb sanksioneve kund\u00ebr Turqis\u00eb, n\u00ebse Ankaraja nuk vjen n\u00eb tryez\u00ebn e negociatave p\u00ebr t\u00eb zgjidhur mosmarr\u00ebveshjen territoriale me Greqin\u00eb dhe Qipron.<\/p>\n<p>Paralajm\u00ebrimi u b\u00eb t\u00eb enjten von\u00eb, pas nj\u00eb samiti joformal t\u00eb t\u00eb ashtuquajturit grup MED7, i kryesuar nga presidenti i Franc\u00ebs, Emmanuel Macron.<\/p>\n<p>Greqia dhe Qiproja jan\u00eb n\u00eb mosmarr\u00ebveshje me Ankaran\u00eb rreth rezervave t\u00eb gazit natyror dhe kufijve detar\u00eb.<\/p>\n<p>Turqia thot\u00eb se ka t\u00eb drejt\u00eb p\u00ebr t\u00eb k\u00ebrkuar gaz n\u00eb zonat q\u00eb dy vendet e BE-s\u00eb thon\u00eb se jan\u00eb pjes\u00eb e zonave t\u00eb tyre ekskluzive ekonomike.<\/p>\n<p>Grupi MED7, q\u00eb p\u00ebrfshin shtetet me vija bregdetare mesdhetare, tha p\u00ebrmes nj\u00eb deklarate t\u00eb p\u00ebrbashk\u00ebt se shpreh \u201cmb\u00ebshtetje dhe solidaritet t\u00eb plot\u00eb me Qipron dhe Greqin\u00eb, p\u00ebrball\u00eb shkeljeve t\u00eb p\u00ebrs\u00ebritura t\u00eb sovranitetit t\u00eb tyre, si dhe veprimeve konfrontuese t\u00eb Turqis\u00eb&#8221;.<\/p>\n<p>Pozicioni i MED7 nuk pasqyron domosdoshm\u00ebrisht q\u00ebndrimin e BE-s\u00eb si t\u00ebr\u00ebsi.<\/p>\n<p>Macron tha se problemi nuk q\u00ebndron te populli turk, por te Qeveria e presidentit Erdogan.<\/p>\n<p>Omer Celik, z\u00ebdh\u00ebn\u00ebs i partis\u00eb s\u00eb Erdoganit, shkroi n\u00eb Twitter se Macron po shfaq nj\u00eb q\u00ebndrim &#8220;kolonialist&#8221;.<\/p>\n<p>Turqia ka shprehur d\u00ebshir\u00eb p\u00ebr t&#8217;u bashkuar me BE-n\u00eb gjat\u00eb pes\u00eb dekadave t\u00eb fundit, por analist\u00ebt thon\u00eb se numri n\u00eb rritje i mosmarr\u00ebveshjeve midis Erdoganit dhe udh\u00ebheq\u00ebsve t\u00eb bllokut i ka zbehur k\u00ebto perspektiva.<\/p>","protected":false},"excerpt":{"rendered":"<p>Shtetet jugore t\u00eb Bashkimit Evropian than\u00eb se do t\u00eb hartojn\u00eb nj\u00eb list\u00eb t\u00eb sanksioneve kund\u00ebr Turqis\u00eb, n\u00ebse Ankaraja nuk vjen n\u00eb tryez\u00ebn e negociatave p\u00ebr t\u00eb zgjidhur mosmarr\u00ebveshjen territoriale me Greqin\u00eb dhe Qipron. Paralajm\u00ebrimi u b\u00eb t\u00eb enjten von\u00eb, pas nj\u00eb samiti joformal t\u00eb t\u00eb ashtuquajturit grup MED7, i kryesuar nga presidenti i Franc\u00ebs, Emmanuel [&hellip;]<\/p>\n","protected":false},"author":2020,"featured_media":140233,"comment_status":"open","ping_status":"closed","sticky":false,"template":"","format":"standard","meta":{"footnotes":""},"categories":[241,191,231],"tags":[],"class_list":{"0":"post-142483","1":"post","2":"type-post","3":"status-publish","4":"format-standard","5":"has-post-thumbnail","7":"category-aktualitet","8":"category-bota","9":"category-lajme"},"_links":{"self":[{"href":"https:\/\/zjarr.tv\/en\/wp-json\/wp\/v2\/posts\/142483","targetHints":{"allow":["GET"]}}],"collection":[{"href":"https:\/\/zjarr.tv\/en\/wp-json\/wp\/v2\/posts"}],"about":[{"href":"https:\/\/zjarr.tv\/en\/wp-json\/wp\/v2\/types\/post"}],"author":[{"embeddable":true,"href":"https:\/\/zjarr.tv\/en\/wp-json\/wp\/v2\/users\/2020"}],"replies":[{"embeddable":true,"href":"https:\/\/zjarr.tv\/en\/wp-json\/wp\/v2\/comments?post=142483"}],"version-history":[{"count":0,"href":"https:\/\/zjarr.tv\/en\/wp-json\/wp\/v2\/posts\/142483\/revisions"}],"wp:featuredmedia":[{"embeddable":true,"href":"https:\/\/zjarr.tv\/en\/wp-json\/wp\/v2\/media\/140233"}],"wp:attachment":[{"href":"https:\/\/zjarr.tv\/en\/wp-json\/wp\/v2\/media?parent=142483"}],"wp:term":[{"taxonomy":"category","embeddable":true,"href":"https:\/\/zjarr.tv\/en\/wp-json\/wp\/v2\/categories?post=142483"},{"taxonomy":"post_tag","embeddable":true,"href":"https:\/\/zjarr.tv\/en\/wp-json\/wp\/v2\/tags?post=142483"}],"curies":[{"name":"wp","href":"https:\/\/api.w.org\/{rel}","templated":true}]}}