{"id":142489,"date":"2020-09-11T14:45:26","date_gmt":"2020-09-11T12:45:26","guid":{"rendered":"https:\/\/zjarr.tv\/?p=142489"},"modified":"2020-09-11T14:35:41","modified_gmt":"2020-09-11T12:35:41","slug":"ne-4-vite-mandat-do-te-siguroj-legalizimet-dhe-ujin-e-pijshem-vasili-nxjerr-videon-e-rames-dhe-pyet-a-e-beson-me-njeri-kete","status":"publish","type":"post","link":"https:\/\/zjarr.tv\/en\/ne-4-vite-mandat-do-te-siguroj-legalizimet-dhe-ujin-e-pijshem-vasili-nxjerr-videon-e-rames-dhe-pyet-a-e-beson-me-njeri-kete\/","title":{"rendered":"\u201cN\u00eb 4 vite mandat do t\u00eb siguroj legalizimet dhe ujin e pijsh\u00ebm\u201d, Vasili nxjerr videon e Ram\u00ebs dhe pyet: A e beson m\u00eb njeri k\u00ebt\u00eb?!"},"content":{"rendered":"<p>N\u00ebnkryetari i L\u00ebvizjes Socialiste p\u00ebr Integrim, Petrit Vasili ka postuar nj\u00eb video t\u00eb kryeministrit Rama t\u00eb vitit 2013 ku ai p\u00ebrbetohej se n\u00eb 4 vite mandat do t\u00eb siguronte n\u00eb p\u00ebrgjegj\u00ebsin\u00eb e tij absolute legalizimet falas t\u00eb sht\u00ebpive n\u00eb tokat informale dhe ujin e pijsh\u00ebm n\u00eb \u00e7do sht\u00ebpi.<\/p>\n<p>\u201cUn\u00eb dy gj\u00ebra do t\u00eb merrem personalisht. Dy gj\u00ebra k\u00ebto 4 vite do t\u00eb merrem un\u00eb personalisht dhe do t\u00eb p\u00ebrgjigjem un\u00eb personalisht, pas 4 vitesh. Nuk do t\u2019ia v\u00eb p\u00ebrgjegj\u00ebsin\u00eb absolutisht askujt. Legalizimet falas t\u00eb sht\u00ebpive t\u00eb nd\u00ebrtuara n\u00eb tokat informale dhe ujin n\u00eb parcel\u00eb n\u00eb \u00e7do met\u00ebr katror tok\u00eb buke. Dhe ujin e pijsh\u00ebm n\u00eb \u00e7do sht\u00ebpi. Me k\u00ebto dy gj\u00ebra do merrem un\u00eb dhe do p\u00ebrgjigjem un\u00eb\u201d, shprehet Rama.<\/p>\n<p>Nd\u00ebrkoh\u00eb realiteti vjen ndryshe sot. Gjat\u00eb inspektimit t\u00eb punimeve q\u00eb kryeministri b\u00ebn n\u00eb terren, nj\u00eb banore i rikujton premtimin e vitit 2013 ku \u00e7do sht\u00ebpi do t\u00eb furnizohej me uj\u00eb t\u00eb pijsh\u00ebm. \u201cBravo p\u00ebr k\u00ebt\u00eb shkoll\u00eb q\u00eb po b\u00ebn, p\u00ebr k\u00ebt\u00eb rrug\u00eb. Vet\u00ebm uji na mungon\u201d, shprehet banorja.<\/p>\n<p>\u201cPo punojm\u00eb me ujin, jemi duke punuar\u201d, ka qen\u00eb ky reagimi i Ram\u00ebs. Mesa duket deklarata e banores e kapi \u201cmat\u201d kryeministrin, i cili anashkaloi haptazi problemin dhe premtimin e pap\u00ebrmbushur.<\/p>\n<p>\u201cA ka shqiptar, qe e beson m\u00eb k\u00ebt\u00eb njeri??\u201d, shkruan Vasili<\/p>","protected":false},"excerpt":{"rendered":"<p>N\u00ebnkryetari i L\u00ebvizjes Socialiste p\u00ebr Integrim, Petrit Vasili ka postuar nj\u00eb video t\u00eb kryeministrit Rama t\u00eb vitit 2013 ku ai p\u00ebrbetohej se n\u00eb 4 vite mandat do t\u00eb siguronte n\u00eb p\u00ebrgjegj\u00ebsin\u00eb e tij absolute legalizimet falas t\u00eb sht\u00ebpive n\u00eb tokat informale dhe ujin e pijsh\u00ebm n\u00eb \u00e7do sht\u00ebpi. \u201cUn\u00eb dy gj\u00ebra do t\u00eb merrem personalisht. [&hellip;]<\/p>\n","protected":false},"author":2020,"featured_media":130907,"comment_status":"open","ping_status":"closed","sticky":false,"template":"","format":"standard","meta":{"footnotes":""},"categories":[241,231,235],"tags":[],"class_list":{"0":"post-142489","1":"post","2":"type-post","3":"status-publish","4":"format-standard","5":"has-post-thumbnail","7":"category-aktualitet","8":"category-lajme","9":"category-vendi"},"_links":{"self":[{"href":"https:\/\/zjarr.tv\/en\/wp-json\/wp\/v2\/posts\/142489","targetHints":{"allow":["GET"]}}],"collection":[{"href":"https:\/\/zjarr.tv\/en\/wp-json\/wp\/v2\/posts"}],"about":[{"href":"https:\/\/zjarr.tv\/en\/wp-json\/wp\/v2\/types\/post"}],"author":[{"embeddable":true,"href":"https:\/\/zjarr.tv\/en\/wp-json\/wp\/v2\/users\/2020"}],"replies":[{"embeddable":true,"href":"https:\/\/zjarr.tv\/en\/wp-json\/wp\/v2\/comments?post=142489"}],"version-history":[{"count":0,"href":"https:\/\/zjarr.tv\/en\/wp-json\/wp\/v2\/posts\/142489\/revisions"}],"wp:featuredmedia":[{"embeddable":true,"href":"https:\/\/zjarr.tv\/en\/wp-json\/wp\/v2\/media\/130907"}],"wp:attachment":[{"href":"https:\/\/zjarr.tv\/en\/wp-json\/wp\/v2\/media?parent=142489"}],"wp:term":[{"taxonomy":"category","embeddable":true,"href":"https:\/\/zjarr.tv\/en\/wp-json\/wp\/v2\/categories?post=142489"},{"taxonomy":"post_tag","embeddable":true,"href":"https:\/\/zjarr.tv\/en\/wp-json\/wp\/v2\/tags?post=142489"}],"curies":[{"name":"wp","href":"https:\/\/api.w.org\/{rel}","templated":true}]}}