{"id":142502,"date":"2020-09-11T15:27:42","date_gmt":"2020-09-11T13:27:42","guid":{"rendered":"https:\/\/zjarr.tv\/?p=142502"},"modified":"2020-09-11T15:27:42","modified_gmt":"2020-09-11T13:27:42","slug":"kosova-regjistron-50-raste-te-reja-dhe-5-viktima-sondazhi-nje-e-treta-e-njerezve-besojne-se-covid-19-eshte-nje-mashtrim","status":"publish","type":"post","link":"https:\/\/zjarr.tv\/en\/kosova-regjistron-50-raste-te-reja-dhe-5-viktima-sondazhi-nje-e-treta-e-njerezve-besojne-se-covid-19-eshte-nje-mashtrim\/","title":{"rendered":"Kosova regjistron 50 raste t\u00eb reja dhe 5 viktima! Sondazhi: Nj\u00eb e treta e njer\u00ebzve besojn\u00eb se COVID-19 \u00ebsht\u00eb nj\u00eb mashtrim"},"content":{"rendered":"<p>Sipas Institutit Komb\u00ebtar t\u00eb Sh\u00ebndet\u00ebsis\u00eb Publike t\u00eb\u00a0<strong>Kosov\u00ebs<\/strong>, gjat\u00eb 24 or\u00ebve t\u00eb fundit n\u00eb vend jan\u00eb regjistruar 69 raste t\u00eb reja t\u00eb infeksionit Covid dhe 7 viktima<\/p>\n<p>Sipas autoriteteve, numri i p\u00ebrgjithsh\u00ebm i t\u00eb identifikuarve me Covid q\u00eb prej fillimit t\u00eb pandemis\u00eb \u00ebsht\u00eb rritur n\u00eb 14,496 kurse totali i vdekjeve 586, gjithashtu t\u00eb sh\u00ebruarit num\u00ebrohen n\u00eb 11.150<\/p>\n<p>Prestigjozja britanike\u00a0<strong>The Guardian<\/strong>\u00a0shkruan se edhe pse n\u00eb Kosov\u00eb shtret\u00ebrit e spitaleve po mbushen me t\u00eb s\u00ebmur\u00eb dhe me ata q\u00eb po vdesin, nj\u00eb e treta e popullsis\u00eb beson se pandemia \u00ebsht\u00eb nj\u00eb mashtrim i past\u00ebr, (sipas nj\u00eb sondazhi t\u00eb fundit q\u00eb ka tronditur qeverin\u00eb).<\/p>\n<p>N\u00eb p\u00ebrpjekje p\u00ebr t\u00eb bindur publikun p\u00ebr rreziqet e v\u00ebrteta t\u00eb Covid, qeveria ka vendosur t\u00eb lejoj\u00eb media n\u00eb pavijone spitalore t\u00eb mbyllura m\u00eb par\u00eb, p\u00ebr t\u00eb filmuar vuajtjet e t\u00eb s\u00ebmur\u00ebve.<\/p>\n<p>Sondazhi I kryer nga kompania \u2018Pyper\u2019 zbulon gjithashtu se 61 p\u00ebrqind e kosovar\u00ebve mendojn\u00eb se \u00a0COVID-19 \u00ebsht\u00eb &#8220;m\u00eb pak i rreziksh\u00ebm sesa p\u00ebrshkruhet&#8221; nga autoritetet dhe media dhe se &#8220;Nj\u00eb pjes\u00eb e konsiderueshme e popullsis\u00eb beson n\u00eb teori konspirative se pandemia \u00ebsht\u00eb vet\u00ebm n\u00eb interes t\u00eb qeverive, t\u00eb fuqive t\u00eb m\u00ebdha dhe forcave t\u00eb caktuara politike&#8221;.<\/p>\n<p>Skepticizmi \u00ebsht\u00eb nj\u00eb problem i madh p\u00ebr qeverin\u00eb nd\u00ebrsa po p\u00ebrpiqet t\u00eb zbatoj\u00eb masat n\u00eb Kosov\u00eb, e cila kishte muajin e saj m\u00eb vdekjeprur\u00ebs deri n\u00eb gusht me gati 300 vdekje &#8211; nj\u00eb num\u00ebr m\u00eb i lart\u00eb se t\u00eb tre muajt e m\u00ebparsh\u00ebm s\u00eb bashku.<\/p>","protected":false},"excerpt":{"rendered":"<p>Sipas Institutit Komb\u00ebtar t\u00eb Sh\u00ebndet\u00ebsis\u00eb Publike t\u00eb\u00a0Kosov\u00ebs, gjat\u00eb 24 or\u00ebve t\u00eb fundit n\u00eb vend jan\u00eb regjistruar 69 raste t\u00eb reja t\u00eb infeksionit Covid dhe 7 viktima Sipas autoriteteve, numri i p\u00ebrgjithsh\u00ebm i t\u00eb identifikuarve me Covid q\u00eb prej fillimit t\u00eb pandemis\u00eb \u00ebsht\u00eb rritur n\u00eb 14,496 kurse totali i vdekjeve 586, gjithashtu t\u00eb sh\u00ebruarit num\u00ebrohen n\u00eb [&hellip;]<\/p>\n","protected":false},"author":2020,"featured_media":0,"comment_status":"open","ping_status":"closed","sticky":false,"template":"","format":"standard","meta":{"footnotes":""},"categories":[241,231,2],"tags":[],"class_list":{"0":"post-142502","1":"post","2":"type-post","3":"status-publish","4":"format-standard","6":"category-aktualitet","7":"category-lajme","8":"category-rajoni"},"_links":{"self":[{"href":"https:\/\/zjarr.tv\/en\/wp-json\/wp\/v2\/posts\/142502","targetHints":{"allow":["GET"]}}],"collection":[{"href":"https:\/\/zjarr.tv\/en\/wp-json\/wp\/v2\/posts"}],"about":[{"href":"https:\/\/zjarr.tv\/en\/wp-json\/wp\/v2\/types\/post"}],"author":[{"embeddable":true,"href":"https:\/\/zjarr.tv\/en\/wp-json\/wp\/v2\/users\/2020"}],"replies":[{"embeddable":true,"href":"https:\/\/zjarr.tv\/en\/wp-json\/wp\/v2\/comments?post=142502"}],"version-history":[{"count":0,"href":"https:\/\/zjarr.tv\/en\/wp-json\/wp\/v2\/posts\/142502\/revisions"}],"wp:attachment":[{"href":"https:\/\/zjarr.tv\/en\/wp-json\/wp\/v2\/media?parent=142502"}],"wp:term":[{"taxonomy":"category","embeddable":true,"href":"https:\/\/zjarr.tv\/en\/wp-json\/wp\/v2\/categories?post=142502"},{"taxonomy":"post_tag","embeddable":true,"href":"https:\/\/zjarr.tv\/en\/wp-json\/wp\/v2\/tags?post=142502"}],"curies":[{"name":"wp","href":"https:\/\/api.w.org\/{rel}","templated":true}]}}