{"id":142511,"date":"2020-09-11T15:36:43","date_gmt":"2020-09-11T13:36:43","guid":{"rendered":"https:\/\/zjarr.tv\/?p=142511"},"modified":"2020-09-11T15:36:43","modified_gmt":"2020-09-11T13:36:43","slug":"qellon-me-grusht-punonjesin-e-policise-ne-mes-te-rrugesvihet-ne-pranga-39-vjecari-nga-tirana","status":"publish","type":"post","link":"https:\/\/zjarr.tv\/en\/qellon-me-grusht-punonjesin-e-policise-ne-mes-te-rrugesvihet-ne-pranga-39-vjecari-nga-tirana\/","title":{"rendered":"Q\u00ebllon me grusht punonj\u00ebsin e policis\u00eb n\u00eb mes t\u00eb rrug\u00ebs,vihet n\u00eb pranga 39-vje\u00e7ari nga Tirana"},"content":{"rendered":"<div class=\"article-introtext\">\n<p>Nj\u00eb 39 vje\u00e7ar n\u00eb Tiran\u00eb ka r\u00ebn\u00eb n\u00eb pranga pasi ka q\u00eblluar me grusht nj\u00eb punonj\u00ebs policie.<\/p>\n<\/div>\n<div class=\"article-fulltext\">\n<p>Ngjarja ka ndodhur n\u00eb rrug\u00ebn \u201cAli Ibro\u201d dhe n\u00eb pranga ka r\u00ebn\u00eb Sh. D., 39 vje\u00e7.<\/p>\n<p>\u201cSpecialist\u00ebt p\u00ebr Hetimin e Krimit n\u00eb Komisariatin e Policis\u00eb Nr. 3 b\u00ebn\u00eb arrestimin n\u00eb flagranc\u00eb t\u00eb shtetasit Sh. D., 39 vje\u00e7, pasi n\u00eb rrug\u00ebn \u201cAli Ibro\u201d, i ka kund\u00ebrshtuar duke i goditur me grusht p\u00ebr shkak t\u00eb detyr\u00ebs, punonj\u00ebsit e policis\u00eb s\u00eb rendit publik\u201d, thot\u00eb policia.<\/p>\n<\/div>","protected":false},"excerpt":{"rendered":"<p>Nj\u00eb 39 vje\u00e7ar n\u00eb Tiran\u00eb ka r\u00ebn\u00eb n\u00eb pranga pasi ka q\u00eblluar me grusht nj\u00eb punonj\u00ebs policie. Ngjarja ka ndodhur n\u00eb rrug\u00ebn \u201cAli Ibro\u201d dhe n\u00eb pranga ka r\u00ebn\u00eb Sh. D., 39 vje\u00e7. \u201cSpecialist\u00ebt p\u00ebr Hetimin e Krimit n\u00eb Komisariatin e Policis\u00eb Nr. 3 b\u00ebn\u00eb arrestimin n\u00eb flagranc\u00eb t\u00eb shtetasit Sh. D., 39 vje\u00e7, pasi [&hellip;]<\/p>\n","protected":false},"author":2020,"featured_media":142330,"comment_status":"open","ping_status":"closed","sticky":false,"template":"","format":"standard","meta":{"footnotes":""},"categories":[241],"tags":[],"class_list":{"0":"post-142511","1":"post","2":"type-post","3":"status-publish","4":"format-standard","5":"has-post-thumbnail","7":"category-aktualitet"},"_links":{"self":[{"href":"https:\/\/zjarr.tv\/en\/wp-json\/wp\/v2\/posts\/142511","targetHints":{"allow":["GET"]}}],"collection":[{"href":"https:\/\/zjarr.tv\/en\/wp-json\/wp\/v2\/posts"}],"about":[{"href":"https:\/\/zjarr.tv\/en\/wp-json\/wp\/v2\/types\/post"}],"author":[{"embeddable":true,"href":"https:\/\/zjarr.tv\/en\/wp-json\/wp\/v2\/users\/2020"}],"replies":[{"embeddable":true,"href":"https:\/\/zjarr.tv\/en\/wp-json\/wp\/v2\/comments?post=142511"}],"version-history":[{"count":0,"href":"https:\/\/zjarr.tv\/en\/wp-json\/wp\/v2\/posts\/142511\/revisions"}],"wp:featuredmedia":[{"embeddable":true,"href":"https:\/\/zjarr.tv\/en\/wp-json\/wp\/v2\/media\/142330"}],"wp:attachment":[{"href":"https:\/\/zjarr.tv\/en\/wp-json\/wp\/v2\/media?parent=142511"}],"wp:term":[{"taxonomy":"category","embeddable":true,"href":"https:\/\/zjarr.tv\/en\/wp-json\/wp\/v2\/categories?post=142511"},{"taxonomy":"post_tag","embeddable":true,"href":"https:\/\/zjarr.tv\/en\/wp-json\/wp\/v2\/tags?post=142511"}],"curies":[{"name":"wp","href":"https:\/\/api.w.org\/{rel}","templated":true}]}}