{"id":142528,"date":"2020-09-11T15:54:35","date_gmt":"2020-09-11T13:54:35","guid":{"rendered":"https:\/\/zjarr.tv\/?p=142528"},"modified":"2020-09-11T15:54:35","modified_gmt":"2020-09-11T13:54:35","slug":"zjarr-i-madh-ne-karbunare-te-lushnjes-flaket-perpijne-20-hektare-ullishte","status":"publish","type":"post","link":"https:\/\/zjarr.tv\/en\/zjarr-i-madh-ne-karbunare-te-lushnjes-flaket-perpijne-20-hektare-ullishte\/","title":{"rendered":"Zjarr i madh n\u00eb Karbunar\u00eb t\u00eb Lushnj\u00ebs, flak\u00ebt p\u00ebrpijn\u00eb 20 hektar\u00eb ullishte"},"content":{"rendered":"<p><strong>LUSHNJE<\/strong>&#8211; Nuk \u00ebsht\u00eb e th\u00ebn\u00eb q\u00eb fermer\u00ebt n\u00eb Karbunar\u00eb t\u00eb Lushnj\u00ebs t\u00eb gjejn\u00eb e qet\u00ebsi nga zjarret.<\/p>\n<p>Vet\u00ebm dy or\u00eb n\u00eb mes t\u00eb dit\u00ebs me er\u00eb t\u00eb fort\u00eb kan\u00eb mjaftuar q\u00eb nj\u00eb zjarr i rast\u00ebsish\u00ebm t\u00eb djege \u00e7ka gjetur, duke d\u00ebmtuar mbi 20 hektar\u00eb ullishte, vreshta e shkurre t\u00eb egra. Kurora e gjelb\u00ebr me ullinj q\u00eb fermer\u00ebt p\u00ebrgatiteshin t\u00eb vilnin prodhimin, jan\u00eb djegur. Era e ka \u00e7uar drejtimin e flak\u00ebve nga ka dashur ajo, e pa shqet\u00ebsuar pasi zjarrfik\u00ebsit mungonin, pasi ishin n\u00eb nj\u00eb tjet\u00ebr zjarr dhe vet\u00ebm banor\u00ebt me mjete rrethanore nuk kan\u00eb mundur t\u00eb shp\u00ebtojn\u00eb dot asgj\u00eb. Pasi ka djegur vreshta n\u00eb gryken e kodr\u00ebs, zjarri ka p\u00ebrpir\u00eb me radh\u00eb plantacione t\u00eb tjera me ullinj t\u00eb rinj e t\u00eb vjet\u00ebr.<\/p>\n<p>Demi llogaritet kolosal p\u00ebr fermer\u00ebt q\u00eb k\u00ebt\u00eb sezon s&#8217;do te vjelin asgj\u00eb por vet\u00ebm do te presin ullinj p\u00ebr dru, n\u00ebse zjarri nuk i djeg plot\u00ebsisht.<\/p>\n<p>N\u00eb zon\u00eb ka edhe banesa po zjarri \u00ebsht\u00eb larg tyre. Nd\u00ebrsa lart n\u00eb kod\u00ebr banor\u00ebt po ujisin tokat q\u00eb t\u00eb mos afrohet zjarri tek sht\u00ebpit\u00eb.<\/p>","protected":false},"excerpt":{"rendered":"<p>LUSHNJE&#8211; Nuk \u00ebsht\u00eb e th\u00ebn\u00eb q\u00eb fermer\u00ebt n\u00eb Karbunar\u00eb t\u00eb Lushnj\u00ebs t\u00eb gjejn\u00eb e qet\u00ebsi nga zjarret. Vet\u00ebm dy or\u00eb n\u00eb mes t\u00eb dit\u00ebs me er\u00eb t\u00eb fort\u00eb kan\u00eb mjaftuar q\u00eb nj\u00eb zjarr i rast\u00ebsish\u00ebm t\u00eb djege \u00e7ka gjetur, duke d\u00ebmtuar mbi 20 hektar\u00eb ullishte, vreshta e shkurre t\u00eb egra. Kurora e gjelb\u00ebr me ullinj [&hellip;]<\/p>\n","protected":false},"author":2020,"featured_media":139878,"comment_status":"open","ping_status":"closed","sticky":false,"template":"","format":"standard","meta":{"footnotes":""},"categories":[241,231,235],"tags":[],"class_list":{"0":"post-142528","1":"post","2":"type-post","3":"status-publish","4":"format-standard","5":"has-post-thumbnail","7":"category-aktualitet","8":"category-lajme","9":"category-vendi"},"_links":{"self":[{"href":"https:\/\/zjarr.tv\/en\/wp-json\/wp\/v2\/posts\/142528","targetHints":{"allow":["GET"]}}],"collection":[{"href":"https:\/\/zjarr.tv\/en\/wp-json\/wp\/v2\/posts"}],"about":[{"href":"https:\/\/zjarr.tv\/en\/wp-json\/wp\/v2\/types\/post"}],"author":[{"embeddable":true,"href":"https:\/\/zjarr.tv\/en\/wp-json\/wp\/v2\/users\/2020"}],"replies":[{"embeddable":true,"href":"https:\/\/zjarr.tv\/en\/wp-json\/wp\/v2\/comments?post=142528"}],"version-history":[{"count":0,"href":"https:\/\/zjarr.tv\/en\/wp-json\/wp\/v2\/posts\/142528\/revisions"}],"wp:featuredmedia":[{"embeddable":true,"href":"https:\/\/zjarr.tv\/en\/wp-json\/wp\/v2\/media\/139878"}],"wp:attachment":[{"href":"https:\/\/zjarr.tv\/en\/wp-json\/wp\/v2\/media?parent=142528"}],"wp:term":[{"taxonomy":"category","embeddable":true,"href":"https:\/\/zjarr.tv\/en\/wp-json\/wp\/v2\/categories?post=142528"},{"taxonomy":"post_tag","embeddable":true,"href":"https:\/\/zjarr.tv\/en\/wp-json\/wp\/v2\/tags?post=142528"}],"curies":[{"name":"wp","href":"https:\/\/api.w.org\/{rel}","templated":true}]}}