{"id":142556,"date":"2020-09-11T16:28:17","date_gmt":"2020-09-11T14:28:17","guid":{"rendered":"https:\/\/zjarr.tv\/?p=142556"},"modified":"2020-09-11T16:28:36","modified_gmt":"2020-09-11T14:28:36","slug":"mimoza-llastica-ben-gjestin-human-ne-ndihme-te-te-prekurve-me-covid-19-ne-spitalet-shqiptare","status":"publish","type":"post","link":"https:\/\/zjarr.tv\/en\/mimoza-llastica-ben-gjestin-human-ne-ndihme-te-te-prekurve-me-covid-19-ne-spitalet-shqiptare\/","title":{"rendered":"&#8220;Mimoza Llastica&#8221; b\u00ebn gjestin human n\u00eb ndihm\u00eb tek t\u00eb prekurve me Covid-19 n\u00eb spitalet shqiptare"},"content":{"rendered":"<p>Aktorja e njohur p\u00ebr publikun shqiptar, Zhaklina Dhimojani Bl\u00e4ttler, e cila njihet gjer\u00ebsisht tek publiku p\u00ebr rolin e saj tek filmi \u201cMimoza Llastica\u201d ka dhuruar p\u00ebrmes ambasad\u00ebs shqiptare n\u00eb Bern disa respirator\u00eb p\u00ebr spitalin universitar \u201cShefqet Ndroqi\u201d, n\u00eb ndihm\u00eb t\u00eb t\u00eb prekurve me Koronavirus.<\/p>\n<p>Ambasada e Shqip\u00ebris\u00eb n\u00eb Bern i ka shprehur mir\u00ebnjohje aktores p\u00ebr gjestin e saj human, e cila edhe pse u largua nga Shqip\u00ebria p\u00ebr t\u00eb jetuar n\u00eb Zvic\u00ebr n\u00eb vitet 90-t\u00eb, ende vijon t\u00eb kontribuoj\u00eb p\u00ebr vendin e saj.<\/p>\n<p>\u201cAmbasada e RSH n\u00eb Bern\u00eb i shpreh falenderime dhe mir\u00ebnjohje Z. Bl\u00e4ttler, q\u00eb gjat\u00eb k\u00ebtyre viteve n\u00eb Zvic\u00ebr ka dh\u00ebn\u00eb ndihm\u00ebn e saj n\u00eb fush\u00ebn sociale, ka promovuar artin dhe kultur\u00ebn ton\u00eb n\u00eb Diaspor\u00eb dhe ka kontribuar me donacione t\u00eb ndryshme p\u00ebr Bashkin\u00eb e qytetit t\u00eb Himar\u00ebs, prej nga ajo ka origjin\u00ebn\u201d, thuhet n\u00eb mesazhin e ambasad\u00ebs.<\/p>\n<p><img loading=\"lazy\" decoding=\"async\" class=\"alignnone size-full wp-image-1007354 visible\" src=\"https:\/\/www.faxweb.al\/wp-content\/uploads\/2020\/09\/moza.jpg\" sizes=\"auto, (max-width: 494px) 100vw, 494px\" srcset=\"https:\/\/www.faxweb.al\/wp-content\/uploads\/2020\/09\/moza.jpg 494w, https:\/\/www.faxweb.al\/wp-content\/uploads\/2020\/09\/moza-275x400.jpg 275w, https:\/\/www.faxweb.al\/wp-content\/uploads\/2020\/09\/moza-413x600.jpg 413w\" alt=\"\" width=\"494\" height=\"718\" \/><\/p>","protected":false},"excerpt":{"rendered":"<p>Aktorja e njohur p\u00ebr publikun shqiptar, Zhaklina Dhimojani Bl\u00e4ttler, e cila njihet gjer\u00ebsisht tek publiku p\u00ebr rolin e saj tek filmi \u201cMimoza Llastica\u201d ka dhuruar p\u00ebrmes ambasad\u00ebs shqiptare n\u00eb Bern disa respirator\u00eb p\u00ebr spitalin universitar \u201cShefqet Ndroqi\u201d, n\u00eb ndihm\u00eb t\u00eb t\u00eb prekurve me Koronavirus. Ambasada e Shqip\u00ebris\u00eb n\u00eb Bern i ka shprehur mir\u00ebnjohje aktores p\u00ebr [&hellip;]<\/p>\n","protected":false},"author":2020,"featured_media":142557,"comment_status":"open","ping_status":"closed","sticky":false,"template":"","format":"standard","meta":{"footnotes":""},"categories":[241],"tags":[],"class_list":{"0":"post-142556","1":"post","2":"type-post","3":"status-publish","4":"format-standard","5":"has-post-thumbnail","7":"category-aktualitet"},"_links":{"self":[{"href":"https:\/\/zjarr.tv\/en\/wp-json\/wp\/v2\/posts\/142556","targetHints":{"allow":["GET"]}}],"collection":[{"href":"https:\/\/zjarr.tv\/en\/wp-json\/wp\/v2\/posts"}],"about":[{"href":"https:\/\/zjarr.tv\/en\/wp-json\/wp\/v2\/types\/post"}],"author":[{"embeddable":true,"href":"https:\/\/zjarr.tv\/en\/wp-json\/wp\/v2\/users\/2020"}],"replies":[{"embeddable":true,"href":"https:\/\/zjarr.tv\/en\/wp-json\/wp\/v2\/comments?post=142556"}],"version-history":[{"count":0,"href":"https:\/\/zjarr.tv\/en\/wp-json\/wp\/v2\/posts\/142556\/revisions"}],"wp:featuredmedia":[{"embeddable":true,"href":"https:\/\/zjarr.tv\/en\/wp-json\/wp\/v2\/media\/142557"}],"wp:attachment":[{"href":"https:\/\/zjarr.tv\/en\/wp-json\/wp\/v2\/media?parent=142556"}],"wp:term":[{"taxonomy":"category","embeddable":true,"href":"https:\/\/zjarr.tv\/en\/wp-json\/wp\/v2\/categories?post=142556"},{"taxonomy":"post_tag","embeddable":true,"href":"https:\/\/zjarr.tv\/en\/wp-json\/wp\/v2\/tags?post=142556"}],"curies":[{"name":"wp","href":"https:\/\/api.w.org\/{rel}","templated":true}]}}