{"id":142661,"date":"2020-09-11T17:43:29","date_gmt":"2020-09-11T15:43:29","guid":{"rendered":"https:\/\/zjarr.tv\/?p=142661"},"modified":"2020-09-11T17:43:29","modified_gmt":"2020-09-11T15:43:29","slug":"shqiptari-ne-makine-me-30-mije-euro-kokaineper-pak-i-shpetoi-policise","status":"publish","type":"post","link":"https:\/\/zjarr.tv\/en\/shqiptari-ne-makine-me-30-mije-euro-kokaineper-pak-i-shpetoi-policise\/","title":{"rendered":"Shqiptari n\u00eb makin\u00eb me 30 mij\u00eb euro kokain\u00eb,p\u00ebr pak i shp\u00ebtoi policis\u00eb"},"content":{"rendered":"<p>Nj\u00eb shqiptar \u00ebsht\u00eb arrestuar nga policia italiane n\u00eb Milano.<\/p>\n<p>Shqiptari u kap n\u00eb makin\u00ebn e tij Benz Mercedes t\u00eb cil\u00ebn e kishte mbushur me 30 mij\u00eb euro kokain\u00eb.<\/p>\n<p>Gjith\u00e7ka ka ndodhur t\u00eb enjten e 10 shtatorit, kur nj\u00eb 52 vje\u00e7ar shqiptar, u arrestua nga agjent\u00ebt e policis\u00eb n\u00eb akuz\u00ebn p\u00ebr mbajtje dhe shp\u00ebrndarje t\u00eb substancave narkotike.<\/p>\n<div id=\"rekl-56\"><\/div>\n<p>Gjith\u00e7ka ndodhi kur nj\u00eb patrull\u00eb policie pikasi makin\u00ebn Benz Mercedes q\u00eb sapo pa patrull\u00ebn shtoi shpejt\u00ebsin\u00eb.<\/p>\n<p>Ishte pik\u00ebrisht ky veprim dyshues q\u00eb \u00e7oi n\u00eb ndjekjen e mjetit i cili u ndoq dhe u ndalua n\u00eb rrug\u00ebn Val d\u2019Intelvi.<\/p>\n<p>Gjat\u00eb kontrollit drejtuesi u duk i nervozuar dhe veprimet e tij \u00e7uan policin\u00eb n\u00eb nj\u00eb kontroll m\u00eb t\u00eb imt\u00ebsish\u00ebm t\u00eb mjetit.<\/p>\n<p>Gjat\u00eb kontrollit, n\u00eb brend\u00ebsi t\u00eb bateris\u00eb n\u00eb krahun e pasagjerit, doli jasht\u00eb nj\u00eb qese e mb\u00ebshtjell\u00eb me celofan me nj\u00eb p\u00ebrmbajtje prej 600 gram kokain\u00eb, si edhe dy celular\u00eb.<\/p>\n<p>\u00c7ka \u00e7oi n\u00eb prangosjen e shqiptarit 52 vje\u00e7ar.<\/p>","protected":false},"excerpt":{"rendered":"<p>Nj\u00eb shqiptar \u00ebsht\u00eb arrestuar nga policia italiane n\u00eb Milano. Shqiptari u kap n\u00eb makin\u00ebn e tij Benz Mercedes t\u00eb cil\u00ebn e kishte mbushur me 30 mij\u00eb euro kokain\u00eb. Gjith\u00e7ka ka ndodhur t\u00eb enjten e 10 shtatorit, kur nj\u00eb 52 vje\u00e7ar shqiptar, u arrestua nga agjent\u00ebt e policis\u00eb n\u00eb akuz\u00ebn p\u00ebr mbajtje dhe shp\u00ebrndarje t\u00eb substancave [&hellip;]<\/p>\n","protected":false},"author":2020,"featured_media":142330,"comment_status":"open","ping_status":"closed","sticky":false,"template":"","format":"standard","meta":{"footnotes":""},"categories":[241,191],"tags":[],"class_list":{"0":"post-142661","1":"post","2":"type-post","3":"status-publish","4":"format-standard","5":"has-post-thumbnail","7":"category-aktualitet","8":"category-bota"},"_links":{"self":[{"href":"https:\/\/zjarr.tv\/en\/wp-json\/wp\/v2\/posts\/142661","targetHints":{"allow":["GET"]}}],"collection":[{"href":"https:\/\/zjarr.tv\/en\/wp-json\/wp\/v2\/posts"}],"about":[{"href":"https:\/\/zjarr.tv\/en\/wp-json\/wp\/v2\/types\/post"}],"author":[{"embeddable":true,"href":"https:\/\/zjarr.tv\/en\/wp-json\/wp\/v2\/users\/2020"}],"replies":[{"embeddable":true,"href":"https:\/\/zjarr.tv\/en\/wp-json\/wp\/v2\/comments?post=142661"}],"version-history":[{"count":0,"href":"https:\/\/zjarr.tv\/en\/wp-json\/wp\/v2\/posts\/142661\/revisions"}],"wp:featuredmedia":[{"embeddable":true,"href":"https:\/\/zjarr.tv\/en\/wp-json\/wp\/v2\/media\/142330"}],"wp:attachment":[{"href":"https:\/\/zjarr.tv\/en\/wp-json\/wp\/v2\/media?parent=142661"}],"wp:term":[{"taxonomy":"category","embeddable":true,"href":"https:\/\/zjarr.tv\/en\/wp-json\/wp\/v2\/categories?post=142661"},{"taxonomy":"post_tag","embeddable":true,"href":"https:\/\/zjarr.tv\/en\/wp-json\/wp\/v2\/tags?post=142661"}],"curies":[{"name":"wp","href":"https:\/\/api.w.org\/{rel}","templated":true}]}}