{"id":142758,"date":"2020-09-12T09:59:51","date_gmt":"2020-09-12T07:59:51","guid":{"rendered":"https:\/\/zjarr.tv\/?p=142758"},"modified":"2020-09-12T09:59:51","modified_gmt":"2020-09-12T07:59:51","slug":"arrestohet-54-vjecari-tentoi-te-kaloje-ne-rinas-me-identitet-te-rreme-ishte-ne-kerkim-nderkombetar-per-vrasje","status":"publish","type":"post","link":"https:\/\/zjarr.tv\/en\/arrestohet-54-vjecari-tentoi-te-kaloje-ne-rinas-me-identitet-te-rreme-ishte-ne-kerkim-nderkombetar-per-vrasje\/","title":{"rendered":"Arrestohet 54-vje\u00e7ari: Tentoi t\u00eb kaloj\u00eb n\u00eb Rinas me identitet t\u00eb rrem\u00eb\/ Ishte n\u00eb k\u00ebrkim nd\u00ebrkomb\u00ebtar p\u00ebr vrasje"},"content":{"rendered":"<hr \/>\n<p><strong>RINAS<\/strong>&#8211; Nj\u00eb 54-vje\u00e7ar i cili ishte n\u00eb k\u00ebrkim p\u00ebr vrasje n\u00eb Fier, \u00ebsht\u00eb arrestuar n\u00eb Rinas. Ai po tentoj\u00eb q\u00eb t\u00eb kalonte n\u00eb Rinas me identiteti t\u00eb rrem\u00eb, por u zbulua, pasi m\u00eb her\u00ebt kishte dh\u00ebn\u00eb gjeneralitete t\u00eb tjera duke b\u00ebr\u00eb q\u00eb punonj\u00ebsit e Policis\u00eb t\u00eb dyshonin p\u00ebr v\u00ebrtet\u00ebsin\u00eb e tyre.<\/p>\n<p><em>&#8220;U prezantua n\u00eb Policin\u00eb Kufitare t\u00eb Rinasit me identitet t\u00eb rrem\u00eb, pasi ishte i shpallur n\u00eb k\u00ebrkim nd\u00ebrkomb\u00ebtar p\u00ebr vrasje, fal\u00eb verifikimeve t\u00eb thelluara, shk\u00ebmbimit t\u00eb informacionit n\u00eb koh\u00eb mes Policis\u00eb Kufitare, Departamentit t\u00eb Policis\u00eb Kriminale, autoriteteve policore angleze dhe DVP Fier,\u00a0 identifikohet dhe vihet n\u00eb pranga.<\/em><\/p>\n<p><em>Vihet n\u00eb pranga 54-vje\u00e7ari i shpallur n\u00eb k\u00ebrkim nd\u00ebrkomb\u00ebtar, i d\u00ebnuar me 16 vite burgim p\u00ebr vrasje.<\/em><\/p>\n<p><em>N\u00eb Komisariatin e Policis\u00eb Kufitare Rinas u ndalua n\u00eb hyrje, p\u00ebr verifikim m\u00eb t\u00eb detajuar, nj\u00eb shtetas 54-vje\u00e7ar, i cili ishte kthyer deportiv nga Anglia. N\u00eb momentin e par\u00eb ky shtetas ka dh\u00ebn\u00eb gjeneralitete t\u00eb tjera duke b\u00ebr\u00eb q\u00eb punonj\u00ebsit e Policis\u00eb t\u00eb dyshonin p\u00ebr v\u00ebrtet\u00ebsin\u00eb e tyre.<\/em><\/p>\n<p><em>Pas verifikimeve t\u00eb thelluara nga Policia Kufitare e Rinasit n\u00eb sistemin TIMS dhe dyshimeve t\u00eb lindura gjat\u00eb pohimit t\u00eb tij n\u00eb koh\u00ebn e intervistimit, si dhe pas shk\u00ebmbimit t\u00eb informacionit mes Departamentit t\u00eb Policis\u00eb Kriminale, autoriteteve policore angleze dhe DVP Fier, u b\u00eb i mundur identifikimi i gjeneraliteteve t\u00eb v\u00ebrteta dhe rezultoi se ai ishte shtetasi i shpallur n\u00eb k\u00ebrkim Adrian Hoxha (Haziz Hysa), 54 vje\u00e7, banues n\u00eb Siqec\u00eb, Patos, i cili udh\u00ebtonte si pasagjer i deportuar nga Anglia p\u00ebr n\u00eb Shqip\u00ebri.<\/em><\/p>\n<p><em>Ky shtetas ishte i shpallur n\u00eb k\u00ebrkim nd\u00ebrkomb\u00ebtar, pasi Gjykata e Shkall\u00ebs s\u00eb Par\u00eb Fier, me vendimin e dat\u00ebs 17.04.1998, e ka d\u00ebnuar k\u00ebt\u00eb shtetas me 16 vite burgim, p\u00ebr vepr\u00ebn penale &#8220;Vrasja&#8221;.<\/em><\/p>\n<p><em>Ky shtetas, n\u00eb dat\u00ebn 30.01.1995, n\u00eb fshatin Siqec\u00eb, Patos, ka vrar\u00eb me arm\u00eb gjahu p\u00ebr motive t\u00eb dob\u00ebta, shtetasin M. Z.<\/em><\/p>\n<p><em>54-vje\u00e7ari iu dor\u00ebzua Patrull\u00ebs s\u00eb P\u00ebrgjithshme t\u00eb Policis\u00eb n\u00eb DVP Fier, p\u00ebr shoq\u00ebrim dhe veprime t\u00eb m\u00ebtejshme dhe n\u00eb p\u00ebrfundim t\u00eb veprimeve, specialist\u00ebt p\u00ebr Hetimin e Krimeve t\u00eb R\u00ebnda n\u00eb Drejtorin\u00eb Vendore t\u00eb Policis\u00eb Fier kan\u00eb b\u00ebr\u00eb ekzekutimin e vendimit t\u00eb Gjykat\u00ebs&#8221;,\u00a0<\/em>njofton policia.<\/p>","protected":false},"excerpt":{"rendered":"<p>RINAS&#8211; Nj\u00eb 54-vje\u00e7ar i cili ishte n\u00eb k\u00ebrkim p\u00ebr vrasje n\u00eb Fier, \u00ebsht\u00eb arrestuar n\u00eb Rinas. Ai po tentoj\u00eb q\u00eb t\u00eb kalonte n\u00eb Rinas me identiteti t\u00eb rrem\u00eb, por u zbulua, pasi m\u00eb her\u00ebt kishte dh\u00ebn\u00eb gjeneralitete t\u00eb tjera duke b\u00ebr\u00eb q\u00eb punonj\u00ebsit e Policis\u00eb t\u00eb dyshonin p\u00ebr v\u00ebrtet\u00ebsin\u00eb e tyre. &#8220;U prezantua n\u00eb Policin\u00eb [&hellip;]<\/p>\n","protected":false},"author":2020,"featured_media":142759,"comment_status":"open","ping_status":"closed","sticky":false,"template":"","format":"standard","meta":{"footnotes":""},"categories":[241],"tags":[],"class_list":{"0":"post-142758","1":"post","2":"type-post","3":"status-publish","4":"format-standard","5":"has-post-thumbnail","7":"category-aktualitet"},"_links":{"self":[{"href":"https:\/\/zjarr.tv\/en\/wp-json\/wp\/v2\/posts\/142758","targetHints":{"allow":["GET"]}}],"collection":[{"href":"https:\/\/zjarr.tv\/en\/wp-json\/wp\/v2\/posts"}],"about":[{"href":"https:\/\/zjarr.tv\/en\/wp-json\/wp\/v2\/types\/post"}],"author":[{"embeddable":true,"href":"https:\/\/zjarr.tv\/en\/wp-json\/wp\/v2\/users\/2020"}],"replies":[{"embeddable":true,"href":"https:\/\/zjarr.tv\/en\/wp-json\/wp\/v2\/comments?post=142758"}],"version-history":[{"count":0,"href":"https:\/\/zjarr.tv\/en\/wp-json\/wp\/v2\/posts\/142758\/revisions"}],"wp:featuredmedia":[{"embeddable":true,"href":"https:\/\/zjarr.tv\/en\/wp-json\/wp\/v2\/media\/142759"}],"wp:attachment":[{"href":"https:\/\/zjarr.tv\/en\/wp-json\/wp\/v2\/media?parent=142758"}],"wp:term":[{"taxonomy":"category","embeddable":true,"href":"https:\/\/zjarr.tv\/en\/wp-json\/wp\/v2\/categories?post=142758"},{"taxonomy":"post_tag","embeddable":true,"href":"https:\/\/zjarr.tv\/en\/wp-json\/wp\/v2\/tags?post=142758"}],"curies":[{"name":"wp","href":"https:\/\/api.w.org\/{rel}","templated":true}]}}