{"id":142763,"date":"2020-09-12T10:07:35","date_gmt":"2020-09-12T08:07:35","guid":{"rendered":"https:\/\/zjarr.tv\/?p=142763"},"modified":"2020-09-12T10:10:19","modified_gmt":"2020-09-12T08:10:19","slug":"pipero-tregon-nese-do-te-rikthehet-karantina","status":"publish","type":"post","link":"https:\/\/zjarr.tv\/en\/pipero-tregon-nese-do-te-rikthehet-karantina\/","title":{"rendered":"Flet Pipero: N\u00ebse do t\u00eb rikthehet karantina"},"content":{"rendered":"<p>Mjeku infeksionist P\u00ebllumb Pipero ishte i ftuar mbremjen e djeshme n\u00eb emisionin \u201cZon\u00eb e lir\u00eb\u201d, p\u00ebr t\u00eb folur rreth situat\u00ebs s\u00eb Koronavirusit. Dimri po afron, por a ekziston mund\u00ebsia e nj\u00eb karantinimi t\u00eb dyt\u00eb?<\/p>\n<p>Pipero \u00ebsht\u00eb i mendimit se kjo nuk do (dhe nuk duhet) t\u00eb ndodh\u00eb. Ai beson se karantina nuk \u00ebsht\u00eb nj\u00eb zgjidhje afatgjat\u00eb, prandaj \u00ebsht\u00eb kund\u00ebr mbylljes.<\/p>\n<p>\u201cUn\u00eb kam qen\u00eb dhe do t\u00eb jem kund\u00ebr nj\u00eb mbyllje t\u00eb dyt\u00eb, kund\u00ebr nj\u00eb karantinimi t\u00eb dyt\u00eb, edhe pse situata t\u00eb ve\u00e7anta jo t\u00eb zakonshme n\u00ebp\u00ebr qarqe, rajone apo qytete t\u00eb ndryshme mund t\u00eb jen\u00eb jasht\u00eb t\u00eb mundur\u00ebs, por un\u00eb jam kund\u00ebr mbylljes. Un\u00eb nuk e quaj zgjidhje dhe do jem kund\u00ebr saj deri sa koh\u00eb t\u00eb pyetem, apo t\u00eb mund t\u00eb flas. Nuk \u00ebsht\u00eb nj\u00eb zgjidhje afatgjat\u00eb. Un\u00eb nuk besoj se do t\u00eb shikohet nj\u00eb karantinim apo nj\u00eb mbyllje e dyt\u00eb si zgjidhje dhe nuk e besoj t\u00eb ndodh\u00eb\u201d, u shpreh mjeku.<\/p>","protected":false},"excerpt":{"rendered":"<p>Mjeku infeksionist P\u00ebllumb Pipero ishte i ftuar mbremjen e djeshme n\u00eb emisionin \u201cZon\u00eb e lir\u00eb\u201d, p\u00ebr t\u00eb folur rreth situat\u00ebs s\u00eb Koronavirusit. Dimri po afron, por a ekziston mund\u00ebsia e nj\u00eb karantinimi t\u00eb dyt\u00eb? Pipero \u00ebsht\u00eb i mendimit se kjo nuk do (dhe nuk duhet) t\u00eb ndodh\u00eb. Ai beson se karantina nuk \u00ebsht\u00eb nj\u00eb zgjidhje [&hellip;]<\/p>\n","protected":false},"author":2020,"featured_media":142764,"comment_status":"open","ping_status":"closed","sticky":false,"template":"","format":"standard","meta":{"footnotes":""},"categories":[241],"tags":[],"class_list":{"0":"post-142763","1":"post","2":"type-post","3":"status-publish","4":"format-standard","5":"has-post-thumbnail","7":"category-aktualitet"},"_links":{"self":[{"href":"https:\/\/zjarr.tv\/en\/wp-json\/wp\/v2\/posts\/142763","targetHints":{"allow":["GET"]}}],"collection":[{"href":"https:\/\/zjarr.tv\/en\/wp-json\/wp\/v2\/posts"}],"about":[{"href":"https:\/\/zjarr.tv\/en\/wp-json\/wp\/v2\/types\/post"}],"author":[{"embeddable":true,"href":"https:\/\/zjarr.tv\/en\/wp-json\/wp\/v2\/users\/2020"}],"replies":[{"embeddable":true,"href":"https:\/\/zjarr.tv\/en\/wp-json\/wp\/v2\/comments?post=142763"}],"version-history":[{"count":0,"href":"https:\/\/zjarr.tv\/en\/wp-json\/wp\/v2\/posts\/142763\/revisions"}],"wp:featuredmedia":[{"embeddable":true,"href":"https:\/\/zjarr.tv\/en\/wp-json\/wp\/v2\/media\/142764"}],"wp:attachment":[{"href":"https:\/\/zjarr.tv\/en\/wp-json\/wp\/v2\/media?parent=142763"}],"wp:term":[{"taxonomy":"category","embeddable":true,"href":"https:\/\/zjarr.tv\/en\/wp-json\/wp\/v2\/categories?post=142763"},{"taxonomy":"post_tag","embeddable":true,"href":"https:\/\/zjarr.tv\/en\/wp-json\/wp\/v2\/tags?post=142763"}],"curies":[{"name":"wp","href":"https:\/\/api.w.org\/{rel}","templated":true}]}}