{"id":142768,"date":"2020-09-12T10:15:20","date_gmt":"2020-09-12T08:15:20","guid":{"rendered":"https:\/\/zjarr.tv\/?p=142768"},"modified":"2020-09-12T10:15:20","modified_gmt":"2020-09-12T08:15:20","slug":"pretendimi-i-greqise-per-zgjerimin-reagon-keshilltari-ushtarak-i-metes-rama-duhet-te-kishte-paraqitur-rezerva-nuk-mund-te-ndodh-pa-marreveshje-mes-dy-vendeve","status":"publish","type":"post","link":"https:\/\/zjarr.tv\/en\/pretendimi-i-greqise-per-zgjerimin-reagon-keshilltari-ushtarak-i-metes-rama-duhet-te-kishte-paraqitur-rezerva-nuk-mund-te-ndodh-pa-marreveshje-mes-dy-vendeve\/","title":{"rendered":"Pretendimi i Greqis\u00eb p\u00ebr zgjerimin: Reagon k\u00ebshilltari ushtarak i Met\u00ebs\/ Rama duhet t\u00eb kishte paraqitur rezerva, nuk mund t\u00eb ndodh pa marr\u00ebveshje mes dy vendeve"},"content":{"rendered":"<p>Piro Ahmetaj, Gjeneral brigade dhe nj\u00ebher\u00ebsh k\u00ebshilltar ushtarak i presidentit Meta ka b\u00ebr\u00eb nj\u00eb reagim lidhur me pretendimin e Greqis\u00eb p\u00ebr t;u zgjeruar me 12 milje n\u00eb detin Jon. Ahmetaj shprehet se Greqia \u00ebsht\u00eb n\u00eb t\u00eb drejt\u00ebn e saj t\u00eb k\u00ebrkoj\u00eb zgjerim, por kjo nuk mund t\u00eb b\u00ebhet pa nj\u00eb marr\u00ebveshje me Shqip\u00ebrin\u00eb.<\/p>\n<p>Sipas Gjeneral Ahmetajt qeveria e Edi Ram\u00ebs duhet t\u00eb shprehte rezervat zyrtare pe\u0308r zgjerimin me 12 milje deri ne finalizimin e marre\u0308veshjes nde\u0308rmjet dy vendeve tona.<\/p>\n<p><strong>Postimi i plot\u00eb i Ahmetajt:<\/strong><\/p>\n<p><em>T\u00eb nderuar miq, bashk\u00ebAtdhetar\u00eb! N\u00eb respekt t\u00eb qindra rekomandimeve, po ndaj oponenc\u00ebn: \u201c\u201c12 pik\u00ebpyetje kritike p\u00ebr sovranitetin me 12 milje detare\u201d, ku jam p\u00ebrpjekur t\u00eb ndricoj impaktet mbi RSH t\u00eb ligjit t\u00eb miratuar nga qeveria greke.<\/em><\/p>\n<p><em>Qeveria Greke \u00ebsht\u00eb SOVRANE t\u00eb miratoj\u00eb ligjin p\u00ebr zgjerimin, POR t\u00eb drejt\u00ebn sovrane me 12 milje, nuk mundet pa #marr\u00ebveshje, ta ushtroj\u00eb n\u00eb hap\u00ebsir\u00ebn detare me RSH!<\/em><\/p>\n<p><em>Edhe Enver Hoxha ishte \u201cSOVRAN dhe paranojak\u201d kur vet\u00ebvendosi zgjerimin 15 milje (76) por anijet e vendeve q\u00eb ndajm\u00eb kufij detare, NATO-s &amp; SHBA, nuk e duartrokit\u00ebn, se njoh\u00ebn kurr\u00eb &amp; gajaseshin me te drejt\u00ebn sovrane (15 milje) t\u00eb RSH!<\/em><\/p>\n<p><em>Ke\u0308shtu, qeveria-Rama ne\u0308 ikje, te\u0308 mos shpe\u0308rfytyrohet ne\u0308 debate publike (si rasti ne\u0308 OPINION, dhe jo vete\u0308m) si dhe te mos vijoje\u0308 te\u0308 keqpe\u0308rdor si kauze\u0308 patriotiko-nacionaliste ke\u0308te\u0308 c\u0327e\u0308shtje me peshe\u0308 gjeopolitike, por te\u0308 pe\u0308rmbushi detyrimet shtete\u0308rore duke i prezantuar qeverise\u0308 Greke rezervat zyrtare pe\u0308r zgjerimin me 12 milje deri ne finalizimin e marre\u0308veshjes nde\u0308rmjet dy tona!<\/em><\/p>\n<p><em>Fat\u00ebkeqesisht, pe\u0308r 8 vite ne\u0308 pushtet, PM-Rama ka zbuluar \u201carmiq\u201d por ka de\u0308shtuar me sukses te\u0308 gjeje\u0308 zgjidhje, ashtu nje\u0308soj si diktatori Hoxha, ku nuk gjente nafte\u0308, aty kishte me siguri grup armiqe\u0308sor!!<\/em><\/p>\n<p><em>Nd\u00ebrsa, institucionet kan\u00eb p\u00ebrgjegj\u00ebsi kushtetuese t\u00eb informojn\u00eb qytetar\u00ebt mbi gjendjen e grupit, produktin (n\u00ebse ka), problematikat si dhe pritshm\u00ebrin\u00eb e negociatave mes dy vendeve.<\/em><\/p>\n<p><em>P\u00ebr \u201cpatriot\u00ebt me qillota &amp; dylbi ushtarake\u201d, theksoj se pas an\u00ebtaresimit n\u00eb NATO, nuk ka asnj\u00eb pretendim territorial (border disputes) mes 2 vendeve tona, dhe k\u00ebshtu thirrja nuk \u00ebsht\u00eb as \u201ct\u2019u biem Ne, as se do na bjer\u00eb greku, e t\u00eb tilla donkishotizma .\u201d.!<\/em><\/p>\n<p><em>N\u00eb t\u00eb kund\u00ebrt jam besimplot\u00eb se dy vendet q\u00eb ndajn\u00eb vlera t\u00eb p\u00ebrbashk\u00ebta, do t\u00eb gjejn\u00eb zgjidhje euroatlantike p\u00ebr ndarjen e ZEE n\u00eb interes t\u00eb mir\u00ebq\u00ebnies s\u00eb 2 popujve.<\/em><\/p>\n<p><em>N\u00eb p\u00ebrmbledhje, shpresoj q\u00eb sa b\/l dhe kjo shtes\u00eb qart\u00ebsuese t\u00eb kontribuojn\u00eb p\u00ebr t\u00eb \u201cmjekuar delirantet\u201d dhe pragmatizuar q\u00ebndrimet zyrtare rreth k\u00ebsaj \u00e7\u00ebshtjeje me pesh\u00eb per sigurin\u00eb mbar\u00ebkomb\u00ebtare.\u00a0<\/em><em>Kaq e thjesht\u00eb \u00ebsht\u00eb, edhe p\u00ebr t\u00eb\u00a0 paditurit dhe p\u00ebr t\u00eb gjith\u00ebditurit! Ju faleminderit<\/em><\/p>","protected":false},"excerpt":{"rendered":"<p>Piro Ahmetaj, Gjeneral brigade dhe nj\u00ebher\u00ebsh k\u00ebshilltar ushtarak i presidentit Meta ka b\u00ebr\u00eb nj\u00eb reagim lidhur me pretendimin e Greqis\u00eb p\u00ebr t;u zgjeruar me 12 milje n\u00eb detin Jon. Ahmetaj shprehet se Greqia \u00ebsht\u00eb n\u00eb t\u00eb drejt\u00ebn e saj t\u00eb k\u00ebrkoj\u00eb zgjerim, por kjo nuk mund t\u00eb b\u00ebhet pa nj\u00eb marr\u00ebveshje me Shqip\u00ebrin\u00eb. Sipas Gjeneral [&hellip;]<\/p>\n","protected":false},"author":2020,"featured_media":142769,"comment_status":"open","ping_status":"closed","sticky":false,"template":"","format":"standard","meta":{"footnotes":""},"categories":[241],"tags":[],"class_list":{"0":"post-142768","1":"post","2":"type-post","3":"status-publish","4":"format-standard","5":"has-post-thumbnail","7":"category-aktualitet"},"_links":{"self":[{"href":"https:\/\/zjarr.tv\/en\/wp-json\/wp\/v2\/posts\/142768","targetHints":{"allow":["GET"]}}],"collection":[{"href":"https:\/\/zjarr.tv\/en\/wp-json\/wp\/v2\/posts"}],"about":[{"href":"https:\/\/zjarr.tv\/en\/wp-json\/wp\/v2\/types\/post"}],"author":[{"embeddable":true,"href":"https:\/\/zjarr.tv\/en\/wp-json\/wp\/v2\/users\/2020"}],"replies":[{"embeddable":true,"href":"https:\/\/zjarr.tv\/en\/wp-json\/wp\/v2\/comments?post=142768"}],"version-history":[{"count":0,"href":"https:\/\/zjarr.tv\/en\/wp-json\/wp\/v2\/posts\/142768\/revisions"}],"wp:featuredmedia":[{"embeddable":true,"href":"https:\/\/zjarr.tv\/en\/wp-json\/wp\/v2\/media\/142769"}],"wp:attachment":[{"href":"https:\/\/zjarr.tv\/en\/wp-json\/wp\/v2\/media?parent=142768"}],"wp:term":[{"taxonomy":"category","embeddable":true,"href":"https:\/\/zjarr.tv\/en\/wp-json\/wp\/v2\/categories?post=142768"},{"taxonomy":"post_tag","embeddable":true,"href":"https:\/\/zjarr.tv\/en\/wp-json\/wp\/v2\/tags?post=142768"}],"curies":[{"name":"wp","href":"https:\/\/api.w.org\/{rel}","templated":true}]}}