{"id":142784,"date":"2020-09-12T10:47:41","date_gmt":"2020-09-12T08:47:41","guid":{"rendered":"https:\/\/zjarr.tv\/?p=142784"},"modified":"2020-09-12T10:47:41","modified_gmt":"2020-09-12T08:47:41","slug":"e-rende-arrestohet-46-vjecari-kryente-marredhenie-seksuale-ne-menyre-te-vazhdueshme-me-nje-13-vjecare-arrestohet-46-vjecari","status":"publish","type":"post","link":"https:\/\/zjarr.tv\/en\/e-rende-arrestohet-46-vjecari-kryente-marredhenie-seksuale-ne-menyre-te-vazhdueshme-me-nje-13-vjecare-arrestohet-46-vjecari\/","title":{"rendered":"E R\u00cbND\u00cb\/ Arrestohet 46 vje\u00e7ari: Kryente marr\u00ebdh\u00ebnie seksuale n\u00eb m\u00ebnyr\u00eb t\u00eb vazhdueshme me nj\u00eb 13-vje\u00e7are, arrestohet 46-vje\u00e7ari"},"content":{"rendered":"<p>Nj\u00eb ngjarje e r\u00ebnd\u00eb ka ndodhur n\u00eb Pogradec, ku nj\u00eb 46-vje\u00e7ar \u00ebsht\u00eb v\u00ebn\u00eb n\u00eb pranga pasi ka kryer marr\u00ebdh\u00ebnie s*ksuale n\u00eb m\u00ebnyr\u00eb t\u00eb vazhdueshme me nj\u00eb 13-vje\u00e7are. Policia nuk jep detaje lidhur me k\u00ebt\u00eb ngjarje t\u00eb r\u00ebnd\u00eb, nd\u00ebrkoh\u00eb n\u00eb pranga \u00ebsht\u00eb v\u00ebn\u00eb shtetasi Blerim Bizgjoni b\u00ebjn\u00eb me dije burimet p\u00ebr Zjarr.tv<\/p>\n<p>\u201cSpecialist\u00ebt p\u00ebr Hetimin e Krimeve n\u00eb Komisariatin e Policis\u00eb Pogradec, b\u00ebn\u00eb arrestimin e shtetasit B. B., 46 vje\u00e7, banues n\u00eb nj\u00eb fshat t\u00eb Nj\u00ebsis\u00eb Administrative Bu\u00e7imas.<\/p>\n<p>Arrestimi i tij u b\u00eb pasi, dyshohet se ky shtetas gjat\u00eb muajit gusht, ka kryer marr\u00ebdh\u00ebnie s*ksuale n\u00eb m\u00ebnyr\u00eb t\u00eb p\u00ebrs\u00ebritur me nj\u00eb 13-vje\u00e7are.<\/p>\n<p>Materialet i kaluan Prokuroris\u00eb Pran\u00eb Gjykat\u00ebs s\u00eb Shkall\u00ebs s\u00eb Par\u00eb Pogradec p\u00ebr vepr\u00ebn penale \u201cMarr\u00ebdh\u00ebnie s*ksuale me t\u00eb mitur\u201d, njofton Policia.<\/p>","protected":false},"excerpt":{"rendered":"<p>Nj\u00eb ngjarje e r\u00ebnd\u00eb ka ndodhur n\u00eb Pogradec, ku nj\u00eb 46-vje\u00e7ar \u00ebsht\u00eb v\u00ebn\u00eb n\u00eb pranga pasi ka kryer marr\u00ebdh\u00ebnie s*ksuale n\u00eb m\u00ebnyr\u00eb t\u00eb vazhdueshme me nj\u00eb 13-vje\u00e7are. Policia nuk jep detaje lidhur me k\u00ebt\u00eb ngjarje t\u00eb r\u00ebnd\u00eb, nd\u00ebrkoh\u00eb n\u00eb pranga \u00ebsht\u00eb v\u00ebn\u00eb shtetasi Blerim Bizgjoni b\u00ebjn\u00eb me dije burimet p\u00ebr Zjarr.tv \u201cSpecialist\u00ebt p\u00ebr Hetimin e [&hellip;]<\/p>\n","protected":false},"author":2020,"featured_media":142785,"comment_status":"open","ping_status":"closed","sticky":false,"template":"","format":"standard","meta":{"footnotes":""},"categories":[241],"tags":[],"class_list":{"0":"post-142784","1":"post","2":"type-post","3":"status-publish","4":"format-standard","5":"has-post-thumbnail","7":"category-aktualitet"},"_links":{"self":[{"href":"https:\/\/zjarr.tv\/en\/wp-json\/wp\/v2\/posts\/142784","targetHints":{"allow":["GET"]}}],"collection":[{"href":"https:\/\/zjarr.tv\/en\/wp-json\/wp\/v2\/posts"}],"about":[{"href":"https:\/\/zjarr.tv\/en\/wp-json\/wp\/v2\/types\/post"}],"author":[{"embeddable":true,"href":"https:\/\/zjarr.tv\/en\/wp-json\/wp\/v2\/users\/2020"}],"replies":[{"embeddable":true,"href":"https:\/\/zjarr.tv\/en\/wp-json\/wp\/v2\/comments?post=142784"}],"version-history":[{"count":0,"href":"https:\/\/zjarr.tv\/en\/wp-json\/wp\/v2\/posts\/142784\/revisions"}],"wp:featuredmedia":[{"embeddable":true,"href":"https:\/\/zjarr.tv\/en\/wp-json\/wp\/v2\/media\/142785"}],"wp:attachment":[{"href":"https:\/\/zjarr.tv\/en\/wp-json\/wp\/v2\/media?parent=142784"}],"wp:term":[{"taxonomy":"category","embeddable":true,"href":"https:\/\/zjarr.tv\/en\/wp-json\/wp\/v2\/categories?post=142784"},{"taxonomy":"post_tag","embeddable":true,"href":"https:\/\/zjarr.tv\/en\/wp-json\/wp\/v2\/tags?post=142784"}],"curies":[{"name":"wp","href":"https:\/\/api.w.org\/{rel}","templated":true}]}}