{"id":142788,"date":"2020-09-12T10:53:56","date_gmt":"2020-09-12T08:53:56","guid":{"rendered":"https:\/\/zjarr.tv\/?p=142788"},"modified":"2020-09-12T10:53:56","modified_gmt":"2020-09-12T08:53:56","slug":"detaje-tronditese-nga-abuzimi-seksual-me-te-mituren-me-46-vjecarin-kishin-lidhje-krushqie-ai-e-kercenonte","status":"publish","type":"post","link":"https:\/\/zjarr.tv\/en\/detaje-tronditese-nga-abuzimi-seksual-me-te-mituren-me-46-vjecarin-kishin-lidhje-krushqie-ai-e-kercenonte\/","title":{"rendered":"Detaje trondit\u00ebse nga abuzimi seksual me t\u00eb mitur\u00ebn\/ Me 46-vje\u00e7arin kishin lidhje krushqie, ai e k\u00ebrc\u00ebnonte"},"content":{"rendered":"<p>Nj\u00eb ngjarje e r\u00ebnd\u00eb ka ndodhur n\u00eb Pogradec, ku nj\u00eb 46-vje\u00e7ar \u00ebsht\u00eb v\u00ebn\u00eb n\u00eb pranga pasi ka kryer marr\u00ebdh\u00ebnie s*ksuale n\u00eb m\u00ebnyr\u00eb t\u00eb vazhdueshme me nj\u00eb 13-vje\u00e7are. Policia nuk jep detaje lidhur me k\u00ebt\u00eb ngjarje t\u00eb r\u00ebnd\u00eb, nd\u00ebrkoh\u00eb n\u00eb pranga \u00ebsht\u00eb v\u00ebn\u00eb shtetasi Blerim Bizgjoni b\u00ebjn\u00eb me dije burimet p\u00ebr Zjarr.tv<\/p>\n<p>M\u00ebsohet se denoncimi \u00ebsht\u00eb b\u00ebr\u00eb nga 14-vje\u00e7arja, e cila ka d\u00ebshmuar se Blerim Bizgjoni e ka p\u00ebrdhunuar p\u00ebr m\u00eb shum\u00eb se nj\u00eb muaj.\u00a047-vje\u00e7ari ka kryer marr\u00ebdh\u00ebnie s*ksuale me t\u00eb mitur\u00ebn dit\u00ebn e Kurban Bajramit dhe e ka k\u00ebrc\u00ebnuar vajz\u00ebn q\u00eb t\u00eb mos tregonte rreth k\u00ebsaj ngjarje.<\/p>\n<p>Minorenia ka d\u00ebshmuar n\u00eb polici se me familjen e Blerim Bizgjonit kishin lidhje krushqie, nd\u00ebrkoh\u00eb q\u00eb abuzimi m\u00eb t\u00eb ka vijuar p\u00ebr m\u00eb shum\u00eb se nj\u00eb muaj.<\/p>\n<p><em>\u201cSpecialist\u00ebt p\u00ebr Hetimin e Krimeve n\u00eb Komisariatin e Policis\u00eb Pogradec, b\u00ebn\u00eb arrestimin e shtetasit B. B., 46 vje\u00e7, banues n\u00eb nj\u00eb fshat t\u00eb Nj\u00ebsis\u00eb Administrative Bu\u00e7imas.<\/em><\/p>\n<p><em>Arrestimi i tij u b\u00eb pasi, dyshohet se ky shtetas gjat\u00eb muajit gusht, ka kryer marr\u00ebdh\u00ebnie s*ksuale n\u00eb m\u00ebnyr\u00eb t\u00eb p\u00ebrs\u00ebritur me nj\u00eb 13-vje\u00e7are.<\/em><\/p>\n<p><em>Materialet i kaluan Prokuroris\u00eb Pran\u00eb Gjykat\u00ebs s\u00eb Shkall\u00ebs s\u00eb Par\u00eb Pogradec p\u00ebr vepr\u00ebn penale \u201cMarr\u00ebdh\u00ebnie s*ksuale me t\u00eb mitur\u201d,<\/em>\u00a0njofton Policia.<\/p>","protected":false},"excerpt":{"rendered":"<p>Nj\u00eb ngjarje e r\u00ebnd\u00eb ka ndodhur n\u00eb Pogradec, ku nj\u00eb 46-vje\u00e7ar \u00ebsht\u00eb v\u00ebn\u00eb n\u00eb pranga pasi ka kryer marr\u00ebdh\u00ebnie s*ksuale n\u00eb m\u00ebnyr\u00eb t\u00eb vazhdueshme me nj\u00eb 13-vje\u00e7are. Policia nuk jep detaje lidhur me k\u00ebt\u00eb ngjarje t\u00eb r\u00ebnd\u00eb, nd\u00ebrkoh\u00eb n\u00eb pranga \u00ebsht\u00eb v\u00ebn\u00eb shtetasi Blerim Bizgjoni b\u00ebjn\u00eb me dije burimet p\u00ebr Zjarr.tv M\u00ebsohet se denoncimi \u00ebsht\u00eb [&hellip;]<\/p>\n","protected":false},"author":2020,"featured_media":142789,"comment_status":"open","ping_status":"closed","sticky":false,"template":"","format":"standard","meta":{"footnotes":""},"categories":[241],"tags":[],"class_list":{"0":"post-142788","1":"post","2":"type-post","3":"status-publish","4":"format-standard","5":"has-post-thumbnail","7":"category-aktualitet"},"_links":{"self":[{"href":"https:\/\/zjarr.tv\/en\/wp-json\/wp\/v2\/posts\/142788","targetHints":{"allow":["GET"]}}],"collection":[{"href":"https:\/\/zjarr.tv\/en\/wp-json\/wp\/v2\/posts"}],"about":[{"href":"https:\/\/zjarr.tv\/en\/wp-json\/wp\/v2\/types\/post"}],"author":[{"embeddable":true,"href":"https:\/\/zjarr.tv\/en\/wp-json\/wp\/v2\/users\/2020"}],"replies":[{"embeddable":true,"href":"https:\/\/zjarr.tv\/en\/wp-json\/wp\/v2\/comments?post=142788"}],"version-history":[{"count":0,"href":"https:\/\/zjarr.tv\/en\/wp-json\/wp\/v2\/posts\/142788\/revisions"}],"wp:featuredmedia":[{"embeddable":true,"href":"https:\/\/zjarr.tv\/en\/wp-json\/wp\/v2\/media\/142789"}],"wp:attachment":[{"href":"https:\/\/zjarr.tv\/en\/wp-json\/wp\/v2\/media?parent=142788"}],"wp:term":[{"taxonomy":"category","embeddable":true,"href":"https:\/\/zjarr.tv\/en\/wp-json\/wp\/v2\/categories?post=142788"},{"taxonomy":"post_tag","embeddable":true,"href":"https:\/\/zjarr.tv\/en\/wp-json\/wp\/v2\/tags?post=142788"}],"curies":[{"name":"wp","href":"https:\/\/api.w.org\/{rel}","templated":true}]}}