{"id":142802,"date":"2020-09-12T11:22:35","date_gmt":"2020-09-12T09:22:35","guid":{"rendered":"https:\/\/zjarr.tv\/?p=142802"},"modified":"2020-09-12T11:22:35","modified_gmt":"2020-09-12T09:22:35","slug":"zbulohen-krimet-e-renda-te-43-vjecarit-itali-kjo-eshte-arsyeja-e-fundosjes-se-tij","status":"publish","type":"post","link":"https:\/\/zjarr.tv\/en\/zbulohen-krimet-e-renda-te-43-vjecarit-itali-kjo-eshte-arsyeja-e-fundosjes-se-tij\/","title":{"rendered":"Zbulohen krimet e r\u00ebnda t\u00eb 43-vje\u00e7arit Itali: Kjo \u00ebsht\u00eb arsyeja e fundosjes s\u00eb tij"},"content":{"rendered":"<p>I shpallur n\u00eb k\u00ebrkim nd\u00ebrkomb\u00ebtar nga Interpol Roma, qarkullonte duke ndryshuar disa her\u00eb gjeneralitetet p\u00ebr t\u2019i shp\u00ebtuar policis\u00eb, por fal\u00eb shk\u00ebmbimit t\u00eb informacionit mes Policis\u00eb Kufitare, DVP Vlor\u00eb dhe Interpol Tirana, vihet n\u00eb pranga n\u00eb Portin e Vlor\u00ebs, nga ana e Policis\u00eb Kufitare, 43-vje\u00e7ari nga Vlora.<\/p>\n<p>N\u00eb kuad\u00ebr t\u00eb shtimit t\u00eb masave p\u00ebr parandalimin, goditjen e paligjshm\u00ebris\u00eb dhe kapjen e personave n\u00eb k\u00ebrkim, sh\u00ebrbimet e Policis\u00eb Kuiftare kan\u00eb kaluar p\u00ebr intervistim m\u00eb t\u00eb thelluar nj\u00eb shtetas q\u00eb gjat\u00eb deklarimeve ka krijuar dyshime p\u00ebr sakt\u00ebsin\u00eb e gjeneraliteteve.<\/p>\n<p>Pas intervistimit t\u00eb thelluar dhe si rezultat i shk\u00ebmbimit t\u00eb informacionit dhe bashk\u00ebpunimit t\u00eb ngusht\u00eb me Interpol Tirana dhe DVP Vlor\u00eb, u b\u00eb i mundur sakt\u00ebsimi i gjeneraliteteve, konkretisht shtetasi Eriton Panajoti, 43 vje\u00e7, banues n\u00eb Vlor\u00eb, person i shpallur n\u00eb k\u00ebrkim nd\u00ebrkomb\u00ebtar, i cili p\u00ebr t\u2019i shp\u00ebtuar kapjes s\u00eb policis\u00eb ka ndryshuar disa her\u00eb gjeneralitetet.<\/p>\n<p>Ky shtetas ishte shpallur n\u00eb k\u00ebrkim nd\u00ebrkomb\u00ebtar nga Interpol Roma, Itali, pasi Gjykata e Rom\u00ebs, me vendimin e dat\u00ebs 22.09.2009, e ka d\u00ebnuar k\u00ebt\u00eb shtetas me rreth 11 vite burg p\u00ebr veprat penale \u201cRr\u00ebmbim personi\u201d, \u201cP\u00ebrdhunim\u201d, \u201cGrabitje\u201d dhe \u201cVjedhje\u201d, t\u00eb parashikuara nga Kodi Penal Italian. (K\u00ebtij shtetasi i kan\u00eb mbetur p\u00ebr t\u00eb vuajtur 7 vite e 8 muaj e 20 dit\u00eb burg).<\/p>\n<p>Interpol Tirana, n\u00eb bashk\u00ebpunim me Interpol Rom\u00ebn, po vijojn\u00eb veprimet e m\u00ebtejshme p\u00ebr ekstradimin e k\u00ebtij shtetasi drejt shtetit italian.<\/p>","protected":false},"excerpt":{"rendered":"<p>I shpallur n\u00eb k\u00ebrkim nd\u00ebrkomb\u00ebtar nga Interpol Roma, qarkullonte duke ndryshuar disa her\u00eb gjeneralitetet p\u00ebr t\u2019i shp\u00ebtuar policis\u00eb, por fal\u00eb shk\u00ebmbimit t\u00eb informacionit mes Policis\u00eb Kufitare, DVP Vlor\u00eb dhe Interpol Tirana, vihet n\u00eb pranga n\u00eb Portin e Vlor\u00ebs, nga ana e Policis\u00eb Kufitare, 43-vje\u00e7ari nga Vlora. N\u00eb kuad\u00ebr t\u00eb shtimit t\u00eb masave p\u00ebr parandalimin, goditjen [&hellip;]<\/p>\n","protected":false},"author":2020,"featured_media":142803,"comment_status":"open","ping_status":"closed","sticky":false,"template":"","format":"standard","meta":{"footnotes":""},"categories":[241],"tags":[],"class_list":{"0":"post-142802","1":"post","2":"type-post","3":"status-publish","4":"format-standard","5":"has-post-thumbnail","7":"category-aktualitet"},"_links":{"self":[{"href":"https:\/\/zjarr.tv\/en\/wp-json\/wp\/v2\/posts\/142802","targetHints":{"allow":["GET"]}}],"collection":[{"href":"https:\/\/zjarr.tv\/en\/wp-json\/wp\/v2\/posts"}],"about":[{"href":"https:\/\/zjarr.tv\/en\/wp-json\/wp\/v2\/types\/post"}],"author":[{"embeddable":true,"href":"https:\/\/zjarr.tv\/en\/wp-json\/wp\/v2\/users\/2020"}],"replies":[{"embeddable":true,"href":"https:\/\/zjarr.tv\/en\/wp-json\/wp\/v2\/comments?post=142802"}],"version-history":[{"count":0,"href":"https:\/\/zjarr.tv\/en\/wp-json\/wp\/v2\/posts\/142802\/revisions"}],"wp:featuredmedia":[{"embeddable":true,"href":"https:\/\/zjarr.tv\/en\/wp-json\/wp\/v2\/media\/142803"}],"wp:attachment":[{"href":"https:\/\/zjarr.tv\/en\/wp-json\/wp\/v2\/media?parent=142802"}],"wp:term":[{"taxonomy":"category","embeddable":true,"href":"https:\/\/zjarr.tv\/en\/wp-json\/wp\/v2\/categories?post=142802"},{"taxonomy":"post_tag","embeddable":true,"href":"https:\/\/zjarr.tv\/en\/wp-json\/wp\/v2\/tags?post=142802"}],"curies":[{"name":"wp","href":"https:\/\/api.w.org\/{rel}","templated":true}]}}