{"id":148388,"date":"2020-10-08T08:20:38","date_gmt":"2020-10-08T06:20:38","guid":{"rendered":"https:\/\/zjarr.tv\/?p=148388"},"modified":"2020-10-08T08:21:58","modified_gmt":"2020-10-08T06:21:58","slug":"lajm-i-fundit-i-eshte-vene-lende-plasese-nje-banese-durres-detajet-e-para-nga-policia","status":"publish","type":"post","link":"https:\/\/zjarr.tv\/en\/lajm-i-fundit-i-eshte-vene-lende-plasese-nje-banese-durres-detajet-e-para-nga-policia\/","title":{"rendered":"LAJM I FUNDIT\/ I \u00ebsht\u00eb v\u00ebn\u00eb l\u00ebnd\u00eb plas\u00ebse nj\u00eb banese n\u00eb Durr\u00ebs\/ Detajet e para nga Policia"},"content":{"rendered":"<p>M\u00eb dat\u00eb 08.10.2020, rreth or\u00ebs 05:35, n\u00eb pjes\u00ebn e jashtme t\u00eb banes\u00ebs s\u00eb shtetasit B.N.,(e pabanueshme), n\u00eb Fllak\u00eb, ka shp\u00ebrthyer nj\u00eb sasi e vog\u00ebl l\u00ebnd\u00eb plas\u00ebse, nga e cila ka vet\u00ebm d\u00ebme t\u00eb vogla materiale.<\/p>\n<p>Jan\u00eb shoq\u00ebruar n\u00eb ambientet e Policis\u00eb, disa persona t\u00eb dyshuar p\u00ebr k\u00ebt\u00eb ngjarje.<\/p>\n<p>Grupi hetimor po punon p\u00ebr zbardhjen e ngjarjes, identifikimin dhe kapjen e autorit.<\/p>\n<p>Vijon&#8230;<\/p>","protected":false},"excerpt":{"rendered":"<p>M\u00eb dat\u00eb 08.10.2020, rreth or\u00ebs 05:35, n\u00eb pjes\u00ebn e jashtme t\u00eb banes\u00ebs s\u00eb shtetasit B.N.,(e pabanueshme), n\u00eb Fllak\u00eb, ka shp\u00ebrthyer nj\u00eb sasi e vog\u00ebl l\u00ebnd\u00eb plas\u00ebse, nga e cila ka vet\u00ebm d\u00ebme t\u00eb vogla materiale. Jan\u00eb shoq\u00ebruar n\u00eb ambientet e Policis\u00eb, disa persona t\u00eb dyshuar p\u00ebr k\u00ebt\u00eb ngjarje. Grupi hetimor po punon p\u00ebr zbardhjen e [&hellip;]<\/p>\n","protected":false},"author":2016,"featured_media":148389,"comment_status":"closed","ping_status":"closed","sticky":false,"template":"","format":"standard","meta":{"footnotes":""},"categories":[241],"tags":[],"class_list":{"0":"post-148388","1":"post","2":"type-post","3":"status-publish","4":"format-standard","5":"has-post-thumbnail","7":"category-aktualitet"},"_links":{"self":[{"href":"https:\/\/zjarr.tv\/en\/wp-json\/wp\/v2\/posts\/148388","targetHints":{"allow":["GET"]}}],"collection":[{"href":"https:\/\/zjarr.tv\/en\/wp-json\/wp\/v2\/posts"}],"about":[{"href":"https:\/\/zjarr.tv\/en\/wp-json\/wp\/v2\/types\/post"}],"author":[{"embeddable":true,"href":"https:\/\/zjarr.tv\/en\/wp-json\/wp\/v2\/users\/2016"}],"replies":[{"embeddable":true,"href":"https:\/\/zjarr.tv\/en\/wp-json\/wp\/v2\/comments?post=148388"}],"version-history":[{"count":0,"href":"https:\/\/zjarr.tv\/en\/wp-json\/wp\/v2\/posts\/148388\/revisions"}],"wp:featuredmedia":[{"embeddable":true,"href":"https:\/\/zjarr.tv\/en\/wp-json\/wp\/v2\/media\/148389"}],"wp:attachment":[{"href":"https:\/\/zjarr.tv\/en\/wp-json\/wp\/v2\/media?parent=148388"}],"wp:term":[{"taxonomy":"category","embeddable":true,"href":"https:\/\/zjarr.tv\/en\/wp-json\/wp\/v2\/categories?post=148388"},{"taxonomy":"post_tag","embeddable":true,"href":"https:\/\/zjarr.tv\/en\/wp-json\/wp\/v2\/tags?post=148388"}],"curies":[{"name":"wp","href":"https:\/\/api.w.org\/{rel}","templated":true}]}}