{"id":149129,"date":"2020-10-12T13:44:28","date_gmt":"2020-10-12T11:44:28","guid":{"rendered":"https:\/\/zjarr.tv\/?p=149129"},"modified":"2020-10-12T13:44:28","modified_gmt":"2020-10-12T11:44:28","slug":"formesohet-kqz-ja-e-re-kryekomisioneri-ilirjan-celibashishpresoj-bashkepunimi-te-jete-eficent-deri-sa-zgjedhjet-te-behen-me-vullnet-te-plote","status":"publish","type":"post","link":"https:\/\/zjarr.tv\/en\/formesohet-kqz-ja-e-re-kryekomisioneri-ilirjan-celibashishpresoj-bashkepunimi-te-jete-eficent-deri-sa-zgjedhjet-te-behen-me-vullnet-te-plote\/","title":{"rendered":"Form\u00ebsohet KQZ-ja e re, kryekomisioneri Ilirjan Celibashi:&#8221;Shpresoj bashk\u00ebpunimi t\u00eb jet\u00eb efi\u00e7ent deri sa zgjedhjet t\u00eb b\u00ebhen me vullnet t\u00eb plot\u00eb&#8221;"},"content":{"rendered":"<div class=\"article-introtext\">\n<p>Kryekomisioneri Ilirjan Celibashi u shpreh sot se me plot\u00ebsimin e an\u00ebtar\u00ebve t\u00eb Komisionit Rregullator dhe atij t\u00eb Ankimimeve, KQZ-ja e re \u00ebsht\u00eb form\u00ebsuar plot\u00ebsisht.<\/p>\n<\/div>\n<div class=\"article-fulltext\">\n<p>\u201cMe prezantimin e an\u00ebtar\u00ebve t\u00eb k\u00ebtyre dy strukturave, Rergullatori dhe CAS, institucioni i KQZ form\u00ebsohet n\u00eb m\u00ebnyr\u00eb t\u00eb plot\u00eb. Shpresoj q\u00eb bashk\u00ebpunimi i k\u00ebtyre tre strukturave t\u00eb jet\u00eb n\u00eb eficens\u00eb t\u00eb plot\u00eb q\u00eb koha e shkurt\u00ebt deri n\u00eb zgjedhjet t\u00eb kalohet me vullnet t\u00eb plot\u00eb\u201d, tha Celibashi.<\/p>\n<p>Ilirjan Celibashi \u00ebsht\u00eb zgjedhur Komisioner Shtet\u00ebror i Zgjedhjeve, nd\u00ebrsa Lealba Pelingu \u00ebsht\u00eb n\u00ebnkomisionere. Nd\u00ebrkoh\u00eb, an\u00ebtar\u00ebt e Komisionit Rregullator dhe CAS-it, jan\u00eb si m\u00eb posht\u00eb:<\/p>\n<p><strong>1- An\u00ebtar\u00ebt e komisionit rregullator t\u00eb zgjedhjeve<\/strong><\/p>\n<p>Ilirjana Nano<\/p>\n<p>Dritan \u00c7aka<\/p>\n<p>Arens \u00c7ela<\/p>\n<p>Muharrem \u00c7akaj<\/p>\n<p>Helga Vukaj<\/p>\n<p><strong>2- An\u00ebtar\u00ebt e komisionit t\u00eb ankimimeve dhe sanksioneve<\/strong><\/p>\n<p>Ilirjan Rusmali<\/p>\n<p>Elvin Lako<\/p>\n<p>Koli Bele<\/p>\n<p>Elvis \u00c7efa<\/p>\n<p>Ledio Braho<\/p>\n<\/div>","protected":false},"excerpt":{"rendered":"<p>Kryekomisioneri Ilirjan Celibashi u shpreh sot se me plot\u00ebsimin e an\u00ebtar\u00ebve t\u00eb Komisionit Rregullator dhe atij t\u00eb Ankimimeve, KQZ-ja e re \u00ebsht\u00eb form\u00ebsuar plot\u00ebsisht. \u201cMe prezantimin e an\u00ebtar\u00ebve t\u00eb k\u00ebtyre dy strukturave, Rergullatori dhe CAS, institucioni i KQZ form\u00ebsohet n\u00eb m\u00ebnyr\u00eb t\u00eb plot\u00eb. Shpresoj q\u00eb bashk\u00ebpunimi i k\u00ebtyre tre strukturave t\u00eb jet\u00eb n\u00eb eficens\u00eb t\u00eb [&hellip;]<\/p>\n","protected":false},"author":2020,"featured_media":149130,"comment_status":"closed","ping_status":"closed","sticky":false,"template":"","format":"standard","meta":{"footnotes":""},"categories":[241],"tags":[],"class_list":{"0":"post-149129","1":"post","2":"type-post","3":"status-publish","4":"format-standard","5":"has-post-thumbnail","7":"category-aktualitet"},"_links":{"self":[{"href":"https:\/\/zjarr.tv\/en\/wp-json\/wp\/v2\/posts\/149129","targetHints":{"allow":["GET"]}}],"collection":[{"href":"https:\/\/zjarr.tv\/en\/wp-json\/wp\/v2\/posts"}],"about":[{"href":"https:\/\/zjarr.tv\/en\/wp-json\/wp\/v2\/types\/post"}],"author":[{"embeddable":true,"href":"https:\/\/zjarr.tv\/en\/wp-json\/wp\/v2\/users\/2020"}],"replies":[{"embeddable":true,"href":"https:\/\/zjarr.tv\/en\/wp-json\/wp\/v2\/comments?post=149129"}],"version-history":[{"count":0,"href":"https:\/\/zjarr.tv\/en\/wp-json\/wp\/v2\/posts\/149129\/revisions"}],"wp:featuredmedia":[{"embeddable":true,"href":"https:\/\/zjarr.tv\/en\/wp-json\/wp\/v2\/media\/149130"}],"wp:attachment":[{"href":"https:\/\/zjarr.tv\/en\/wp-json\/wp\/v2\/media?parent=149129"}],"wp:term":[{"taxonomy":"category","embeddable":true,"href":"https:\/\/zjarr.tv\/en\/wp-json\/wp\/v2\/categories?post=149129"},{"taxonomy":"post_tag","embeddable":true,"href":"https:\/\/zjarr.tv\/en\/wp-json\/wp\/v2\/tags?post=149129"}],"curies":[{"name":"wp","href":"https:\/\/api.w.org\/{rel}","templated":true}]}}