{"id":149136,"date":"2020-10-12T13:52:38","date_gmt":"2020-10-12T11:52:38","guid":{"rendered":"https:\/\/zjarr.tv\/?p=149136"},"modified":"2020-10-12T13:52:38","modified_gmt":"2020-10-12T11:52:38","slug":"thyen-urdhrin-dhe-dhunon-nenen-e-tij-vihet-ne-pranga-57-vjecari-nga-saranda","status":"publish","type":"post","link":"https:\/\/zjarr.tv\/en\/thyen-urdhrin-dhe-dhunon-nenen-e-tij-vihet-ne-pranga-57-vjecari-nga-saranda\/","title":{"rendered":"Thyen urdhrin dhe dhu*non n\u00ebn\u00ebn e tij\/Vihet n\u00eb pra*nga 57 vje\u00e7ari nga Saranda"},"content":{"rendered":"<div class=\"article-introtext\">\n<p>Nj\u00eb 57 vje\u00e7ar \u00ebsht\u00eb prangosur nga Policia pasi ka dhurnuar n\u00ebn\u00ebn e tij dhe ka thyer urdhrin e mbrojtjes.<\/p>\n<\/div>\n<div class=\"article-fulltext\">\n<p>Sipas Policis\u00eb, \u00ebsht\u00eb ndaluar shtetasi F.M., 57 vje\u00e7, banues n\u00eb Sarand\u00eb, pasi n\u00eb dat\u00ebn 11.10.2020, ka ushtruar dhun\u00eb fizike si dhe ka thyer urdhrin e mbrojtjes, ndaj n\u00ebn\u00ebs se tij.<\/p>\n<p>Materialet iu referuan Prokuroris\u00eb, p\u00ebr veprat penale &#8220;Dhuna n\u00eb familje&#8221; dhe \u201cVeprime n\u00eb kund\u00ebrshtim me vendimin e Gjykat\u00ebs\u201d.<\/p>\n<\/div>","protected":false},"excerpt":{"rendered":"<p>Nj\u00eb 57 vje\u00e7ar \u00ebsht\u00eb prangosur nga Policia pasi ka dhurnuar n\u00ebn\u00ebn e tij dhe ka thyer urdhrin e mbrojtjes. Sipas Policis\u00eb, \u00ebsht\u00eb ndaluar shtetasi F.M., 57 vje\u00e7, banues n\u00eb Sarand\u00eb, pasi n\u00eb dat\u00ebn 11.10.2020, ka ushtruar dhun\u00eb fizike si dhe ka thyer urdhrin e mbrojtjes, ndaj n\u00ebn\u00ebs se tij. Materialet iu referuan Prokuroris\u00eb, p\u00ebr veprat [&hellip;]<\/p>\n","protected":false},"author":2020,"featured_media":149137,"comment_status":"closed","ping_status":"closed","sticky":false,"template":"","format":"standard","meta":{"footnotes":""},"categories":[241],"tags":[],"class_list":{"0":"post-149136","1":"post","2":"type-post","3":"status-publish","4":"format-standard","5":"has-post-thumbnail","7":"category-aktualitet"},"_links":{"self":[{"href":"https:\/\/zjarr.tv\/en\/wp-json\/wp\/v2\/posts\/149136","targetHints":{"allow":["GET"]}}],"collection":[{"href":"https:\/\/zjarr.tv\/en\/wp-json\/wp\/v2\/posts"}],"about":[{"href":"https:\/\/zjarr.tv\/en\/wp-json\/wp\/v2\/types\/post"}],"author":[{"embeddable":true,"href":"https:\/\/zjarr.tv\/en\/wp-json\/wp\/v2\/users\/2020"}],"replies":[{"embeddable":true,"href":"https:\/\/zjarr.tv\/en\/wp-json\/wp\/v2\/comments?post=149136"}],"version-history":[{"count":0,"href":"https:\/\/zjarr.tv\/en\/wp-json\/wp\/v2\/posts\/149136\/revisions"}],"wp:featuredmedia":[{"embeddable":true,"href":"https:\/\/zjarr.tv\/en\/wp-json\/wp\/v2\/media\/149137"}],"wp:attachment":[{"href":"https:\/\/zjarr.tv\/en\/wp-json\/wp\/v2\/media?parent=149136"}],"wp:term":[{"taxonomy":"category","embeddable":true,"href":"https:\/\/zjarr.tv\/en\/wp-json\/wp\/v2\/categories?post=149136"},{"taxonomy":"post_tag","embeddable":true,"href":"https:\/\/zjarr.tv\/en\/wp-json\/wp\/v2\/tags?post=149136"}],"curies":[{"name":"wp","href":"https:\/\/api.w.org\/{rel}","templated":true}]}}