{"id":149146,"date":"2020-10-12T14:09:47","date_gmt":"2020-10-12T12:09:47","guid":{"rendered":"https:\/\/zjarr.tv\/?p=149146"},"modified":"2020-10-12T14:09:47","modified_gmt":"2020-10-12T12:09:47","slug":"u-prangos-tre-dite-me-pare-nga-policia-kriminale-dhe-lihet-ne-burg-nga-gjykata-zbulohet-emri-i-hakerit-iranian-qe-u-kap-ne-tirane","status":"publish","type":"post","link":"https:\/\/zjarr.tv\/en\/u-prangos-tre-dite-me-pare-nga-policia-kriminale-dhe-lihet-ne-burg-nga-gjykata-zbulohet-emri-i-hakerit-iranian-qe-u-kap-ne-tirane\/","title":{"rendered":"U pra*ngos tre dit\u00eb m\u00eb par\u00eb nga Policia Kri*minale dhe lihet n\u00eb b*urg nga Gjykata, zbulohet emri i ha*kerit iranian q\u00eb u kap n\u00eb Tiran\u00eb"},"content":{"rendered":"<div class=\"article-introtext\">\n<p>Iraniani Bijon Pooladrag \u00ebsht\u00eb shtetasi q\u00eb u arrestua tre dit\u00eb m\u00eb par\u00eb n\u00eb Tiran\u00eb, pasi n\u00ebp\u00ebrmjet aplikacioneve t\u00eb caktuara nd\u00ebrhynte n\u00eb celular\u00ebt e qytetar\u00ebve dhe iu vidhte t\u00eb dh\u00ebnat.<\/p>\n<\/div>\n<div class=\"article-fulltext\">\n<p>Bijon Pooladrag \u00ebsht\u00eb l\u00ebn\u00eb n\u00eb mas\u00ebn e siguris\u00eb \u201cArrest me burg\u201d nga Gjykatra e Tiran\u00ebs. 45 vje\u00e7ari ka th\u00ebn\u00eb para togave t\u00eb zeza se \u00ebsht\u00eb larguar nga Irani sepse ndihej i rrezikuar.<\/p>\n<p><strong>Nj\u00eb dit\u00eb pas arrestimit t\u00eb iranianit Pooladrag, Policia njoftonte:<\/strong><\/p>\n<p>Materiali hetimor i administruar nga \u201cNj\u00ebsia e hetimit t\u00eb krimeve kibernetike\u201c kishte t\u00eb b\u00ebnte me dyshime t\u00eb arsyeshme se ky shtetas, n\u00ebp\u00ebrmjet veprimeve t\u00eb ndryshme, kryente komunikime n\u00ebp\u00ebrmjet nj\u00eb aplikacioni mesazhimi n\u00eb rrjet, t\u00eb cilin e p\u00ebrdorte duke e lidhur me numrat e telefonave celular t\u00eb shtetasve t\u00eb tjer\u00eb.<\/p>\n<p>Pas k\u00ebtij veprimi, ky shtetas siguronte kodin e verifikimit t\u00eb aplikacionit n\u00eb forma t\u00eb ndryshme nga k\u00ebta shtetas, duke v\u00ebn\u00eb n\u00eb funksionim aplikacionin n\u00eb aparatet e tij kompjuterike. Gjat\u00eb kontrollit t\u00eb banes\u00ebs dhe kontrollit t\u00eb k\u00ebtij shtetasi, n\u00eb cil\u00ebsin\u00eb e prov\u00ebs materiale u sekuestruan: 4 telefona celular\u00eb, nj\u00eb USB, 3 dokumente udh\u00ebtimi, 10 karta sim dhe dokumente t\u00eb tjera t\u00eb ndryshme.<\/p>\n<p>Aktualisht po punohet p\u00ebr zbardhjen e plot\u00eb t\u00eb k\u00ebtij aktiviteti kriminal dhe personat q\u00eb mund t\u00eb jen\u00eb t\u00eb lidhur me k\u00ebt\u00eb shtetas. Materialet hetimore i kaluan Prokuroris\u00eb Pran\u00eb Gjykat\u00ebs s\u00eb Shkall\u00ebs s\u00eb Par\u00eb Tiran\u00eb, p\u00ebr vazhdimin e veprimeve t\u00eb m\u00ebtejshme hetimore dhe procedurale.<\/p>\n<p>Pas nj\u00eb hetimi t\u00eb shpejt\u00eb duke vler\u00ebsuar maksimalisht situat\u00ebn kriminale t\u00eb krijuar dhe n\u00eb kuad\u00ebr t\u00eb parandalimit t\u00eb p\u00ebrshkall\u00ebzimit t\u00eb situat\u00ebs kriminale p\u00ebr veprat penale \u201cP\u00ebrgjimi i paligjsh\u00ebm i t\u00eb dh\u00ebnave kompjuterike\u201d, \u201cNd\u00ebrhyrja n\u00eb sistemet kompjuterike\u201d, \u201cNd\u00ebrhyrja n\u00eb t\u00eb dh\u00ebnat kompjuterike\u201d, si dhe \u201cKeqp\u00ebrdorimi i pajisjeve\u201d, u b\u00eb arrestimi i 45 vje\u00e7arit.<\/p>\n<\/div>","protected":false},"excerpt":{"rendered":"<p>Iraniani Bijon Pooladrag \u00ebsht\u00eb shtetasi q\u00eb u arrestua tre dit\u00eb m\u00eb par\u00eb n\u00eb Tiran\u00eb, pasi n\u00ebp\u00ebrmjet aplikacioneve t\u00eb caktuara nd\u00ebrhynte n\u00eb celular\u00ebt e qytetar\u00ebve dhe iu vidhte t\u00eb dh\u00ebnat. Bijon Pooladrag \u00ebsht\u00eb l\u00ebn\u00eb n\u00eb mas\u00ebn e siguris\u00eb \u201cArrest me burg\u201d nga Gjykatra e Tiran\u00ebs. 45 vje\u00e7ari ka th\u00ebn\u00eb para togave t\u00eb zeza se \u00ebsht\u00eb larguar [&hellip;]<\/p>\n","protected":false},"author":2020,"featured_media":149147,"comment_status":"closed","ping_status":"closed","sticky":false,"template":"","format":"standard","meta":{"footnotes":""},"categories":[241],"tags":[],"class_list":{"0":"post-149146","1":"post","2":"type-post","3":"status-publish","4":"format-standard","5":"has-post-thumbnail","7":"category-aktualitet"},"_links":{"self":[{"href":"https:\/\/zjarr.tv\/en\/wp-json\/wp\/v2\/posts\/149146","targetHints":{"allow":["GET"]}}],"collection":[{"href":"https:\/\/zjarr.tv\/en\/wp-json\/wp\/v2\/posts"}],"about":[{"href":"https:\/\/zjarr.tv\/en\/wp-json\/wp\/v2\/types\/post"}],"author":[{"embeddable":true,"href":"https:\/\/zjarr.tv\/en\/wp-json\/wp\/v2\/users\/2020"}],"replies":[{"embeddable":true,"href":"https:\/\/zjarr.tv\/en\/wp-json\/wp\/v2\/comments?post=149146"}],"version-history":[{"count":0,"href":"https:\/\/zjarr.tv\/en\/wp-json\/wp\/v2\/posts\/149146\/revisions"}],"wp:featuredmedia":[{"embeddable":true,"href":"https:\/\/zjarr.tv\/en\/wp-json\/wp\/v2\/media\/149147"}],"wp:attachment":[{"href":"https:\/\/zjarr.tv\/en\/wp-json\/wp\/v2\/media?parent=149146"}],"wp:term":[{"taxonomy":"category","embeddable":true,"href":"https:\/\/zjarr.tv\/en\/wp-json\/wp\/v2\/categories?post=149146"},{"taxonomy":"post_tag","embeddable":true,"href":"https:\/\/zjarr.tv\/en\/wp-json\/wp\/v2\/tags?post=149146"}],"curies":[{"name":"wp","href":"https:\/\/api.w.org\/{rel}","templated":true}]}}