{"id":149153,"date":"2020-10-12T14:18:30","date_gmt":"2020-10-12T12:18:30","guid":{"rendered":"https:\/\/zjarr.tv\/?p=149153"},"modified":"2020-10-12T14:18:30","modified_gmt":"2020-10-12T12:18:30","slug":"rozana-radi-rrefehet-per-here-te-pare-per-humbjen-e-prinderve-te-sajnese-nuk-i-kujtojatehere-i-humbas-me-te-vertete","status":"publish","type":"post","link":"https:\/\/zjarr.tv\/en\/rozana-radi-rrefehet-per-here-te-pare-per-humbjen-e-prinderve-te-sajnese-nuk-i-kujtojatehere-i-humbas-me-te-vertete\/","title":{"rendered":"Rozana Radi rr\u00ebfehet p\u00ebr her\u00eb t\u00eb par\u00eb p\u00ebr humbjen e prind\u00ebrve t\u00eb saj:&#8221;N\u00ebse nuk i kujtoj,at\u00ebher\u00eb i humbas me t\u00eb v\u00ebrtet\u00eb&#8221;"},"content":{"rendered":"<p>K\u00ebng\u00ebtarja Rozana Radi \u00ebsht\u00eb shprehur p\u00ebr prind\u00ebrit se ajo e ndjen q\u00eb nuk i ka humbur ende, p\u00ebr at\u00eb, ata jan\u00eb ende aty brenda saj.<\/p>\n<p>Rozana Radi: Shum\u00eb njer\u00ebz m\u00eb thon\u00eb po vuan shum\u00eb, nuk po i l\u00ebshon dhe realisht nuk kam dashur t\u2019i l\u00ebshoj sepse n\u00ebse i l\u00ebshoj dhe nuk e kujtoj q\u00eb i kam humbur, at\u00ebher\u00eb do filloj t\u2019i humbas v\u00ebrtet. Un\u00eb mendoj q\u00eb nuk i kam humbur ende, fakti q\u00eb i mbaj brenda vetes. \u00cbsht\u00eb e mir\u00eb, le t\u00eb jen\u00eb prezent n\u00eb jet\u00ebn ton\u00eb sepse edhe kur nuk jan\u00eb, na b\u00ebjn\u00eb t\u00eb mendojm\u00eb se jan\u00eb si vet\u00ebkoshienca jon\u00eb q\u00eb jan\u00eb k\u00ebtu. Me mosh\u00eb kam arritur t\u2019i balancoj k\u00ebto gj\u00ebra dhe ata nuk do humbin kurr\u00eb p\u00ebr mua.<\/p>\n<p>Ardit Gjebrea: Si t\u00eb ka ndryshuar humbja e tyre?<\/p>\n<p>Rozana Radi: Ka qen\u00eb shum\u00eb e v\u00ebshtire p\u00ebr mua sepse m\u00eb mungon qoft\u00eb edhe nj\u00eb p\u00ebrqafim. N\u00eb nj\u00eb moment t\u00eb mungon edhe nj\u00eb sup\u00eb e ngroht\u00eb n\u00eb sht\u00ebpi kur kthehesh. Sa m\u00eb shijonte ajo supa edhe pse mami e kishte b\u00ebr\u00eb dy dit\u00eb para, e kishte ngrohur, i kishte hedhur dhe ndonj\u00eb bizele q\u00eb kishte tepruar nga gjella e djeshme dhe un\u00eb e shijoja me nj\u00eb dashuri t\u00eb pafund sepse e kishte b\u00ebr\u00eb n\u00ebna ime.<\/p>\n<p>K\u00ebto jan\u00eb ato detaje t\u00eb vogla q\u00eb b\u00ebjn\u00eb diferenc\u00ebn. Shpesh her\u00eb sht\u00ebpia ime ka qen\u00eb e err\u00ebt sepse nuk e ka d\u00ebgjuar z\u00ebrin e n\u00ebn\u00ebs p\u00ebr t\u00eb marr\u00eb at\u00eb g\u00ebzimin e madh. Ka qen\u00eb e v\u00ebshtir\u00eb, por falenderoj Zotin q\u00eb i kisha mamin p\u00ebr 27 vjet me mua dhe babin p\u00ebr 23. Ka qen\u00eb privilegj q\u00eb jam vajza e tyre.<\/p>\n<p>Ardit Gjebrea: Ti je goca e mamit apo e babit?<\/p>\n<p>Rozana Radi: Un\u00eb kam qen\u00eb dhe vazhdoj t\u00eb jem goca e babit, por n\u00ebse do m\u00eb pyesje se k\u00eb do zbrisja n\u00eb tok\u00eb, do thosha n\u00ebn\u00ebn, por q\u00eb do mbetem gjithmon\u00eb vajza e babait.<\/p>","protected":false},"excerpt":{"rendered":"<p>K\u00ebng\u00ebtarja Rozana Radi \u00ebsht\u00eb shprehur p\u00ebr prind\u00ebrit se ajo e ndjen q\u00eb nuk i ka humbur ende, p\u00ebr at\u00eb, ata jan\u00eb ende aty brenda saj. Rozana Radi: Shum\u00eb njer\u00ebz m\u00eb thon\u00eb po vuan shum\u00eb, nuk po i l\u00ebshon dhe realisht nuk kam dashur t\u2019i l\u00ebshoj sepse n\u00ebse i l\u00ebshoj dhe nuk e kujtoj q\u00eb i [&hellip;]<\/p>\n","protected":false},"author":2020,"featured_media":149154,"comment_status":"closed","ping_status":"closed","sticky":false,"template":"","format":"standard","meta":{"footnotes":""},"categories":[193],"tags":[],"class_list":{"0":"post-149153","1":"post","2":"type-post","3":"status-publish","4":"format-standard","5":"has-post-thumbnail","7":"category-showbiz"},"_links":{"self":[{"href":"https:\/\/zjarr.tv\/en\/wp-json\/wp\/v2\/posts\/149153","targetHints":{"allow":["GET"]}}],"collection":[{"href":"https:\/\/zjarr.tv\/en\/wp-json\/wp\/v2\/posts"}],"about":[{"href":"https:\/\/zjarr.tv\/en\/wp-json\/wp\/v2\/types\/post"}],"author":[{"embeddable":true,"href":"https:\/\/zjarr.tv\/en\/wp-json\/wp\/v2\/users\/2020"}],"replies":[{"embeddable":true,"href":"https:\/\/zjarr.tv\/en\/wp-json\/wp\/v2\/comments?post=149153"}],"version-history":[{"count":0,"href":"https:\/\/zjarr.tv\/en\/wp-json\/wp\/v2\/posts\/149153\/revisions"}],"wp:featuredmedia":[{"embeddable":true,"href":"https:\/\/zjarr.tv\/en\/wp-json\/wp\/v2\/media\/149154"}],"wp:attachment":[{"href":"https:\/\/zjarr.tv\/en\/wp-json\/wp\/v2\/media?parent=149153"}],"wp:term":[{"taxonomy":"category","embeddable":true,"href":"https:\/\/zjarr.tv\/en\/wp-json\/wp\/v2\/categories?post=149153"},{"taxonomy":"post_tag","embeddable":true,"href":"https:\/\/zjarr.tv\/en\/wp-json\/wp\/v2\/tags?post=149153"}],"curies":[{"name":"wp","href":"https:\/\/api.w.org\/{rel}","templated":true}]}}