{"id":149157,"date":"2020-10-12T14:25:20","date_gmt":"2020-10-12T12:25:20","guid":{"rendered":"https:\/\/zjarr.tv\/?p=149157"},"modified":"2020-10-12T14:25:20","modified_gmt":"2020-10-12T12:25:20","slug":"41-vjecarja-nga-vlora-apel-per-ndihme-djali-13-vjecar-ka-nevoje-per-ndihme-urgjente-mjekesoreburrin-e-kam-te-alkoolizuar-dhe-me-dhunon-prej-vitesh","status":"publish","type":"post","link":"https:\/\/zjarr.tv\/en\/41-vjecarja-nga-vlora-apel-per-ndihme-djali-13-vjecar-ka-nevoje-per-ndihme-urgjente-mjekesoreburrin-e-kam-te-alkoolizuar-dhe-me-dhunon-prej-vitesh\/","title":{"rendered":"41-vje\u00e7arja nga Vlora apel p\u00ebr ndihm\u00eb, djali 13-vje\u00e7ar ka nevoj\u00eb p\u00ebr ndihm\u00eb urgjente mjek\u00ebsore:&#8221;Burrin e kam t\u00eb alkoolizuar dhe me dhunon prej vitesh&#8221;"},"content":{"rendered":"<div id=\"article-content\">\n<div class=\"article-introtext\">\n<p>Nj\u00eb rast i r\u00ebnd\u00eb raportohet nga Vlora, ku n\u00ebna e nj\u00eb djali 13-vje\u00e7ar ka k\u00ebrkuar ndihm\u00eb, pasi djali i saj vuan nga problem sh\u00ebndet\u00ebsore.<\/p>\n<\/div>\n<div class=\"article-fulltext\">\n<p>Gruaja 41-vje\u00e7e nga Vlora jeton me djalin e saj 13-vje\u00e7 i cili ka problem sh\u00ebndet\u00ebsore dhe bashk\u00ebshortin q\u00eb sipas saj prej vitesh \u00ebsht\u00eb i alkolizuar, dhe e dhunon.<\/p>\n<p>Ajo ka kontaktuar me newsbomb.al p\u00ebr t\u00eb k\u00ebkuar ndihm\u00eb me shpres\u00ebn se dikush do ta ndihmoj\u00eb.<\/p>\n<p>41-vje\u00e7arja \u00ebsht\u00eb shprehur se \u00ebsht\u00eb e papun\u00eb dhe se djali i saj ka nevoj\u00eb vazhdimisht p\u00ebr vizita n\u00eb Tiran\u00eb dhe ila\u00e7e, q\u00eb familja i ka shum\u00eb t\u00eb v\u00ebshtira t\u2019i p\u00ebrballoj\u00eb.<\/p>\n<p>13-vje\u00e7ari edhe pse prej vitesh \u00ebsht\u00eb i s\u00ebmur\u00eb nuk p\u00ebrfiton kemp. 41-vje\u00e7arja T.L., shprehet se Bashkia Vlor\u00eb ka b\u00ebr\u00eb k\u00ebrkes\u00eb n\u00eb Tiran\u00eb p\u00ebr ndihm\u00eb ekonomike dhe n\u00eb Tiran\u00eb \u00ebsht\u00eb refuzuar.<\/p>\n<p>N\u00ebna e 13-vje\u00e7arit tregon se djali p\u00ebr shkak t\u00eb s\u00ebmundjes q\u00eb ka \u00ebsht\u00eb shum\u00eb nervoz dhe i dhunsh\u00ebm, madje tregon q\u00eb ka raste q\u00eb ai e ka goditur me sendet q\u00eb ka pasur para.<\/p>\n<p>Djalit i duhet mjekim 900 mij\u00eb lek\u00eb t\u00eb vjetra, ila\u00e7e nd\u00ebrsa n\u00ebna rr\u00ebfen se ajo nuk ka lek\u00eb as p\u00ebr rrug\u00ebn q\u00eb ta sjell\u00eb djalin n\u00eb Tiran\u00eb.<\/p>\n<p>Sikur t\u00eb mos mjaftonte me problemet q\u00eb ka me djalin 41-vje\u00e7arja tregon e bashk\u00ebshorti i saj \u00ebsht\u00eb i alkolizuar dhe q\u00eb e dhunon. Ajo ka treguar se madje ka b\u00ebr\u00eb disa her\u00eb denoncime n\u00eb polici, por ata i kan\u00eb k\u00ebrkuar q\u00eb t\u00eb divorcohet. Por 41-vje\u00e7arja tregon se nuk mund t\u00eb divorcohet pasi nuk ka se ku t\u00eb jetoj\u00eb.<\/p>\n<p>N\u00ebna nga Vlora ka treguar se n\u00eb psikiatri i kan\u00eb th\u00ebn\u00eb se dhuna q\u00eb ushtron bashk\u00ebshorti ndikon dhe n\u00eb agresivitetin e f\u00ebmij\u00ebs.<\/p>\n<p>F\u00ebmija me t\u00eb gjith\u00eb problemet sh\u00ebndet\u00ebsore q\u00eb ka bulizohet n\u00eb shkoll\u00eb. N\u00ebna ka rr\u00ebfyer se bashk\u00ebmoshtara\u00ebt e tij e ofendojn\u00eb dhe i thon\u00eb \u2018ti je budalla\u2019.<\/p>\n<p>Ky rasti \u00ebsht\u00eb b\u00ebr\u00eb publik edhe m\u00eb pare, por indiferenca e institucioneve lokale ka vazhduar.<\/p>\n<p>N\u00ebna e 13-vje\u00e7arit ka k\u00ebrkuar q\u00eb dikush t\u00eb vendos\u00eb dor\u00ebn n\u00eb zem\u00ebr dhe t\u00eb ndihmojn\u00eb 13-vje\u00e7arin i cili ka nevoj\u00eb p\u00ebr ndihm\u00eb urgjente mjek\u00ebsore.<\/p>\n<\/div>\n<\/div>\n<div class=\"article-footer\">\n<div class=\"article-modification-date\"><\/div>\n<\/div>","protected":false},"excerpt":{"rendered":"<p>Nj\u00eb rast i r\u00ebnd\u00eb raportohet nga Vlora, ku n\u00ebna e nj\u00eb djali 13-vje\u00e7ar ka k\u00ebrkuar ndihm\u00eb, pasi djali i saj vuan nga problem sh\u00ebndet\u00ebsore. Gruaja 41-vje\u00e7e nga Vlora jeton me djalin e saj 13-vje\u00e7 i cili ka problem sh\u00ebndet\u00ebsore dhe bashk\u00ebshortin q\u00eb sipas saj prej vitesh \u00ebsht\u00eb i alkolizuar, dhe e dhunon. Ajo ka kontaktuar [&hellip;]<\/p>\n","protected":false},"author":2020,"featured_media":149158,"comment_status":"closed","ping_status":"closed","sticky":false,"template":"","format":"standard","meta":{"footnotes":""},"categories":[241],"tags":[],"class_list":{"0":"post-149157","1":"post","2":"type-post","3":"status-publish","4":"format-standard","5":"has-post-thumbnail","7":"category-aktualitet"},"_links":{"self":[{"href":"https:\/\/zjarr.tv\/en\/wp-json\/wp\/v2\/posts\/149157","targetHints":{"allow":["GET"]}}],"collection":[{"href":"https:\/\/zjarr.tv\/en\/wp-json\/wp\/v2\/posts"}],"about":[{"href":"https:\/\/zjarr.tv\/en\/wp-json\/wp\/v2\/types\/post"}],"author":[{"embeddable":true,"href":"https:\/\/zjarr.tv\/en\/wp-json\/wp\/v2\/users\/2020"}],"replies":[{"embeddable":true,"href":"https:\/\/zjarr.tv\/en\/wp-json\/wp\/v2\/comments?post=149157"}],"version-history":[{"count":0,"href":"https:\/\/zjarr.tv\/en\/wp-json\/wp\/v2\/posts\/149157\/revisions"}],"wp:featuredmedia":[{"embeddable":true,"href":"https:\/\/zjarr.tv\/en\/wp-json\/wp\/v2\/media\/149158"}],"wp:attachment":[{"href":"https:\/\/zjarr.tv\/en\/wp-json\/wp\/v2\/media?parent=149157"}],"wp:term":[{"taxonomy":"category","embeddable":true,"href":"https:\/\/zjarr.tv\/en\/wp-json\/wp\/v2\/categories?post=149157"},{"taxonomy":"post_tag","embeddable":true,"href":"https:\/\/zjarr.tv\/en\/wp-json\/wp\/v2\/tags?post=149157"}],"curies":[{"name":"wp","href":"https:\/\/api.w.org\/{rel}","templated":true}]}}