{"id":160991,"date":"2021-01-26T11:03:21","date_gmt":"2021-01-26T10:03:21","guid":{"rendered":"https:\/\/zjarr.tv\/?p=160991"},"modified":"2021-01-26T11:03:21","modified_gmt":"2021-01-26T10:03:21","slug":"ndragheta-klodiana-lala-per-shqiperine-jane-dy-pergjime-specifike-kemi-te-bejme-me-pastrim-parash","status":"publish","type":"post","link":"https:\/\/zjarr.tv\/en\/ndragheta-klodiana-lala-per-shqiperine-jane-dy-pergjime-specifike-kemi-te-bejme-me-pastrim-parash\/","title":{"rendered":"Ndragheta\/ Klodiana Lala: P\u00ebr Shqip\u00ebrin\u00eb jan\u00eb dy p\u00ebrgjime specifike\/ Kemi t\u00eb b\u00ebjm\u00eb me pastrim parash\u2026"},"content":{"rendered":"<p>Gazetarja Klodiana Lala, ka dh\u00ebn\u00eb edhe m\u00eb shum\u00eb detaje, lidhur me p\u00ebrgjimet \u201cNdragheta\u201d, ku jan\u00eb p\u00ebrmendur edhe zyrtar\u00eb t\u00eb lart\u00eb shqiptar\u00eb.<\/p>\n<p>Lala, n\u00eb emisionin \u201cOpinion\u201d, theksoi se; hetimet nga drejt\u00ebsia Italiane, nis\u00ebn ndaj Antiono Gallos p\u00ebr pastrim parash, nd\u00ebrsa kishte dhe dyshime p\u00ebr vjedhje votash n\u00eb rajonin e Kalabris\u00eb.<\/p>\n<p>Gjithashtu, gazetarja tha se; p\u00ebr Shqip\u00ebrin\u00eb jan\u00eb dy p\u00ebrgjime specifike, ku an\u00ebtar\u00ebt e \u201cNdragheta-s\u201d flasin p\u00ebr investime n\u00eb vendin ton\u00eb.<\/p>\n<p><em>\u201cFillimisht hetimi \u00ebsht\u00eb nisur p\u00ebr Antiono Gallo, \u00ebsht\u00eb nj\u00eb hetim p\u00ebr pastrim parash pasi kishte dyshime se dhe n\u00eb rajonin e Kalabris\u00eb ishin vjedhur votat n\u00eb favor t\u00eb Franko Talarikos, por dhe n\u00eb favor t\u00eb nj\u00eb euro deputeti. Sipas dosjes n\u00eb sht\u00ebpin\u00eb e Gallos jan\u00eb gjetur miliona euro, jan\u00eb nevojitur 24 or\u00eb p\u00ebr t\u00eb num\u00ebruar parat\u00eb q\u00eb jan\u00eb gjetur n\u00eb banes\u00ebn t\u00eb atij q\u00eb konsiderohet si princi. Problemi \u00ebsht\u00eb q\u00eb pse ky personazh lidhet me Shqip\u00ebrin\u00eb. Sepse ka pasur nj\u00eb kompani n\u00eb bashk\u00ebpunim me nj\u00eb aksioner Henrik Ba\u00e7i i cili \u00ebsht\u00eb arrestuar p\u00ebr llogari t\u00eb k\u00ebtij hetimi. Ai jetonte mes dy vendeve. Antonio Gallo rezulton se ka hyr\u00eb e ka dal\u00eb nga Shqip\u00ebria me dhjet\u00ebra her\u00eb. Interesi i radh\u00ebs p\u00ebr\u00a0 Ndragheta ishte Shqip\u00ebria. An\u00ebtar\u00ebt e Ndragheta kan\u00eb r\u00ebn\u00eb n\u00eb p\u00ebrgjim ambiental. Dy p\u00ebrgjime jan\u00eb specifike p\u00ebr Shqip\u00ebrin\u00eb.\u00a0 Nj\u00ebri \u00ebsht\u00eb mes Antoni Gallos dhe avokatit t\u00eb tij si dhe avokatit t\u00eb dy politikan\u00ebve, bab\u00eb e bir. Tjetra \u00ebsht\u00eb me nj\u00eb oficer policie, i cili pretendohet q\u00eb kishte lidhje me Shqip\u00ebrin\u00eb.<\/em>&#8211; k\u00ebshtu \u00ebsht\u00eb shprehur Klodiana Lala.<\/p>","protected":false},"excerpt":{"rendered":"<p>Gazetarja Klodiana Lala, ka dh\u00ebn\u00eb edhe m\u00eb shum\u00eb detaje, lidhur me p\u00ebrgjimet \u201cNdragheta\u201d, ku jan\u00eb p\u00ebrmendur edhe zyrtar\u00eb t\u00eb lart\u00eb shqiptar\u00eb. Lala, n\u00eb emisionin \u201cOpinion\u201d, theksoi se; hetimet nga drejt\u00ebsia Italiane, nis\u00ebn ndaj Antiono Gallos p\u00ebr pastrim parash, nd\u00ebrsa kishte dhe dyshime p\u00ebr vjedhje votash n\u00eb rajonin e Kalabris\u00eb. Gjithashtu, gazetarja tha se; p\u00ebr Shqip\u00ebrin\u00eb [&hellip;]<\/p>\n","protected":false},"author":2016,"featured_media":160993,"comment_status":"closed","ping_status":"closed","sticky":false,"template":"","format":"standard","meta":{"footnotes":""},"categories":[241],"tags":[1064],"class_list":{"0":"post-160991","1":"post","2":"type-post","3":"status-publish","4":"format-standard","5":"has-post-thumbnail","7":"category-aktualitet","8":"tag-lajme-zjarr-lala-kemi-te-bejme-me-pastrim-parash-zjarr-tv"},"_links":{"self":[{"href":"https:\/\/zjarr.tv\/en\/wp-json\/wp\/v2\/posts\/160991","targetHints":{"allow":["GET"]}}],"collection":[{"href":"https:\/\/zjarr.tv\/en\/wp-json\/wp\/v2\/posts"}],"about":[{"href":"https:\/\/zjarr.tv\/en\/wp-json\/wp\/v2\/types\/post"}],"author":[{"embeddable":true,"href":"https:\/\/zjarr.tv\/en\/wp-json\/wp\/v2\/users\/2016"}],"replies":[{"embeddable":true,"href":"https:\/\/zjarr.tv\/en\/wp-json\/wp\/v2\/comments?post=160991"}],"version-history":[{"count":0,"href":"https:\/\/zjarr.tv\/en\/wp-json\/wp\/v2\/posts\/160991\/revisions"}],"wp:featuredmedia":[{"embeddable":true,"href":"https:\/\/zjarr.tv\/en\/wp-json\/wp\/v2\/media\/160993"}],"wp:attachment":[{"href":"https:\/\/zjarr.tv\/en\/wp-json\/wp\/v2\/media?parent=160991"}],"wp:term":[{"taxonomy":"category","embeddable":true,"href":"https:\/\/zjarr.tv\/en\/wp-json\/wp\/v2\/categories?post=160991"},{"taxonomy":"post_tag","embeddable":true,"href":"https:\/\/zjarr.tv\/en\/wp-json\/wp\/v2\/tags?post=160991"}],"curies":[{"name":"wp","href":"https:\/\/api.w.org\/{rel}","templated":true}]}}