{"id":161768,"date":"2021-02-02T14:50:29","date_gmt":"2021-02-02T13:50:29","guid":{"rendered":"https:\/\/zjarr.tv\/?p=161768"},"modified":"2021-02-02T14:50:29","modified_gmt":"2021-02-02T13:50:29","slug":"lulzim-basha-deklarates-se-ahmetajt-per-programin-e-pd-se-nga-nusreti-e-tha-eshte-i-mbaruar","status":"publish","type":"post","link":"https:\/\/zjarr.tv\/en\/lulzim-basha-deklarates-se-ahmetajt-per-programin-e-pd-se-nga-nusreti-e-tha-eshte-i-mbaruar\/","title":{"rendered":"Lulzim Basha deklarat\u00ebs s\u00eb Ahmetajt p\u00ebr programin e PD-s\u00eb: Nga Nusreti e tha? \u00cbsht\u00eb i mbaruar\u2026"},"content":{"rendered":"<p style=\"line-height: 17.65pt; vertical-align: baseline;\"><span style=\"color: #464343;\">Kredemokrati Lulzim Basha, i \u00ebsht\u00eb p\u00ebrgjigjur Ministrit Arben Ahmetaj, i cili deklaroi m\u00eb her\u00ebt se; opozita do t\u00eb d\u00ebshtoj\u00eb me programin ekonomik, q\u00eb n\u00eb vitin e dyt\u00eb t\u00eb nj\u00eb mandati t\u00eb par\u00eb potencial. Teksa i p\u00ebrmendi Ministrit restorantin e Nusretit, Basha u shpreh se; Rama dhe Ahmetaj kan\u00eb d\u00ebshtuar n\u00eb k\u00ebto 8 vite qeverisje.<\/span><\/p>\n<p style=\"line-height: 17.65pt; vertical-align: baseline;\"><span style=\"color: #464343;\">\u201cNga e tha nga Nusreti? Nuk merrem me njer\u00ebz t\u00eb d\u00ebshtuar, kan\u00eb 8 vite q\u00eb d\u00ebshtojn\u00eb. Edi Rama i pari dhe Arben Ahmetaj m\u00eb kryesori. Tet\u00eb vite k\u00ebta kishin gjith\u00e7ka n\u00eb dor\u00eb. K\u00ebta punuan p\u00ebr veten e tyre dhe nj\u00eb grusht njer\u00ebzish. K\u00ebta jan\u00eb arsyeja q\u00eb Shqip\u00ebria ka paket\u00ebn me ndih\u00ebm m\u00eb t\u00eb vog\u00ebl. K\u00ebta jan\u00eb arsyeja pse shtresa e mesme taksohet m\u00eb shum\u00eb. K\u00ebta jan\u00eb arsyeja pse mjerimi dhe varf\u00ebria ekstreme \u00ebsht\u00eb dyfishuar. Tet\u00eb vite m\u00eb thoni nj\u00eb premtim q\u00eb kan\u00eb mbajtur. Nuk ka shqiptar q\u00eb ti p\u00ebrgjigjet. Bilanci zero, program nuk ka. \u00c7far\u00eb do b\u00ebj\u00eb, mua dhe ekipin tim. Sh\u00ebnojini se tre muaj vet\u00ebm k\u00ebto do d\u00ebgjoni nga ai. \u00cbsht\u00eb i mbaruar m\u00eb 25 prill \u00ebsht\u00eb i paketuar. Shqip\u00ebria firon, Edi Rama humb\u201d, ka th\u00ebn\u00eb Lulzim Basha.<\/span><\/p>","protected":false},"excerpt":{"rendered":"<p>Kredemokrati Lulzim Basha, i \u00ebsht\u00eb p\u00ebrgjigjur Ministrit Arben Ahmetaj, i cili deklaroi m\u00eb her\u00ebt se; opozita do t\u00eb d\u00ebshtoj\u00eb me programin ekonomik, q\u00eb n\u00eb vitin e dyt\u00eb t\u00eb nj\u00eb mandati t\u00eb par\u00eb potencial. Teksa i p\u00ebrmendi Ministrit restorantin e Nusretit, Basha u shpreh se; Rama dhe Ahmetaj kan\u00eb d\u00ebshtuar n\u00eb k\u00ebto 8 vite qeverisje. \u201cNga [&hellip;]<\/p>\n","protected":false},"author":2016,"featured_media":161770,"comment_status":"closed","ping_status":"closed","sticky":false,"template":"","format":"standard","meta":{"footnotes":""},"categories":[241],"tags":[1165],"class_list":{"0":"post-161768","1":"post","2":"type-post","3":"status-publish","4":"format-standard","5":"has-post-thumbnail","7":"category-aktualitet","8":"tag-lajme-zjarr-basha-deklarates-se-ahmetajt-zjarr-tv"},"_links":{"self":[{"href":"https:\/\/zjarr.tv\/en\/wp-json\/wp\/v2\/posts\/161768","targetHints":{"allow":["GET"]}}],"collection":[{"href":"https:\/\/zjarr.tv\/en\/wp-json\/wp\/v2\/posts"}],"about":[{"href":"https:\/\/zjarr.tv\/en\/wp-json\/wp\/v2\/types\/post"}],"author":[{"embeddable":true,"href":"https:\/\/zjarr.tv\/en\/wp-json\/wp\/v2\/users\/2016"}],"replies":[{"embeddable":true,"href":"https:\/\/zjarr.tv\/en\/wp-json\/wp\/v2\/comments?post=161768"}],"version-history":[{"count":0,"href":"https:\/\/zjarr.tv\/en\/wp-json\/wp\/v2\/posts\/161768\/revisions"}],"wp:featuredmedia":[{"embeddable":true,"href":"https:\/\/zjarr.tv\/en\/wp-json\/wp\/v2\/media\/161770"}],"wp:attachment":[{"href":"https:\/\/zjarr.tv\/en\/wp-json\/wp\/v2\/media?parent=161768"}],"wp:term":[{"taxonomy":"category","embeddable":true,"href":"https:\/\/zjarr.tv\/en\/wp-json\/wp\/v2\/categories?post=161768"},{"taxonomy":"post_tag","embeddable":true,"href":"https:\/\/zjarr.tv\/en\/wp-json\/wp\/v2\/tags?post=161768"}],"curies":[{"name":"wp","href":"https:\/\/api.w.org\/{rel}","templated":true}]}}