{"id":161784,"date":"2021-02-02T16:18:18","date_gmt":"2021-02-02T15:18:18","guid":{"rendered":"https:\/\/zjarr.tv\/?p=161784"},"modified":"2021-02-02T16:18:18","modified_gmt":"2021-02-02T15:18:18","slug":"mbeshtes-cdo-lloj-procesi-qe-shkon-ne-prokurori-balla-flet-per-padine-ndaj-gledjan-llatjas-vete-pd-ja-e-ka-votuar-projektin","status":"publish","type":"post","link":"https:\/\/zjarr.tv\/en\/mbeshtes-cdo-lloj-procesi-qe-shkon-ne-prokurori-balla-flet-per-padine-ndaj-gledjan-llatjas-vete-pd-ja-e-ka-votuar-projektin\/","title":{"rendered":"\u201cMb\u00ebshtes \u00e7do lloj procesi q\u00eb shkon n\u00eb prokurori,\u201d Balla flet p\u00ebr padin\u00eb ndaj Gledjan Llatjas: Vet\u00eb PD-ja e ka votuar projektin"},"content":{"rendered":"<p>Kreu i grupit parlamentar t\u00eb Partis\u00eb Socialiste, Taulant Balla ka komentuar padin\u00eb q\u00eb ka depozituar PD-ja dit\u00ebn e sotme kund\u00ebr kryetarit t\u00eb bashkis\u00eb s\u00eb Elbasanit, Gledjan Llatja.<\/p>\n<p>\u201cPartia Demokratike e ka mb\u00ebshtetur k\u00ebt\u00eb projekt. Ju jeni t\u00eb gjith\u00eb gazetar\u00eb. Detyra e informimit t\u00eb publikut \u00ebsht\u00eb e juaja. E kan\u00eb votuar PD-ja. Un\u00eb e mb\u00ebshtes \u00e7do lloj k\u00ebrkes\u00eb q\u00eb shkon n\u00eb Prokurori. Duhet t\u00eb m\u00ebsohemi me k\u00ebt\u00eb proces, por nuk dua t\u00eb b\u00ebj politik\u00eb,\u201d deklaroi Balla.<\/p>\n<p>&nbsp;<\/p>","protected":false},"excerpt":{"rendered":"<p>Kreu i grupit parlamentar t\u00eb Partis\u00eb Socialiste, Taulant Balla ka komentuar padin\u00eb q\u00eb ka depozituar PD-ja dit\u00ebn e sotme kund\u00ebr kryetarit t\u00eb bashkis\u00eb s\u00eb Elbasanit, Gledjan Llatja. \u201cPartia Demokratike e ka mb\u00ebshtetur k\u00ebt\u00eb projekt. Ju jeni t\u00eb gjith\u00eb gazetar\u00eb. Detyra e informimit t\u00eb publikut \u00ebsht\u00eb e juaja. E kan\u00eb votuar PD-ja. Un\u00eb e mb\u00ebshtes \u00e7do [&hellip;]<\/p>\n","protected":false},"author":2031,"featured_media":161130,"comment_status":"closed","ping_status":"closed","sticky":false,"template":"","format":"standard","meta":{"footnotes":""},"categories":[231],"tags":[],"class_list":{"0":"post-161784","1":"post","2":"type-post","3":"status-publish","4":"format-standard","5":"has-post-thumbnail","7":"category-lajme"},"_links":{"self":[{"href":"https:\/\/zjarr.tv\/en\/wp-json\/wp\/v2\/posts\/161784","targetHints":{"allow":["GET"]}}],"collection":[{"href":"https:\/\/zjarr.tv\/en\/wp-json\/wp\/v2\/posts"}],"about":[{"href":"https:\/\/zjarr.tv\/en\/wp-json\/wp\/v2\/types\/post"}],"author":[{"embeddable":true,"href":"https:\/\/zjarr.tv\/en\/wp-json\/wp\/v2\/users\/2031"}],"replies":[{"embeddable":true,"href":"https:\/\/zjarr.tv\/en\/wp-json\/wp\/v2\/comments?post=161784"}],"version-history":[{"count":0,"href":"https:\/\/zjarr.tv\/en\/wp-json\/wp\/v2\/posts\/161784\/revisions"}],"wp:featuredmedia":[{"embeddable":true,"href":"https:\/\/zjarr.tv\/en\/wp-json\/wp\/v2\/media\/161130"}],"wp:attachment":[{"href":"https:\/\/zjarr.tv\/en\/wp-json\/wp\/v2\/media?parent=161784"}],"wp:term":[{"taxonomy":"category","embeddable":true,"href":"https:\/\/zjarr.tv\/en\/wp-json\/wp\/v2\/categories?post=161784"},{"taxonomy":"post_tag","embeddable":true,"href":"https:\/\/zjarr.tv\/en\/wp-json\/wp\/v2\/tags?post=161784"}],"curies":[{"name":"wp","href":"https:\/\/api.w.org\/{rel}","templated":true}]}}