{"id":161802,"date":"2021-02-02T17:12:34","date_gmt":"2021-02-02T16:12:34","guid":{"rendered":"https:\/\/zjarr.tv\/?p=161802"},"modified":"2021-02-02T17:12:34","modified_gmt":"2021-02-02T16:12:34","slug":"qytetari-nga-lezha-con-ne-spak-ish-zyrtarin-e-larte-per-shperdorim-detyre","status":"publish","type":"post","link":"https:\/\/zjarr.tv\/en\/qytetari-nga-lezha-con-ne-spak-ish-zyrtarin-e-larte-per-shperdorim-detyre\/","title":{"rendered":"Qytetari nga Lezha \u00e7on n\u00eb SPAK ish-zyrtarin e lart\u00eb p\u00ebr shp\u00ebrdorim detyre"},"content":{"rendered":"<p>Gjergj Marku, ish-kryetari i Komun\u00ebs Zejmen, sot i em\u00ebruar Administrator i Nj\u00ebsis\u00eb Administrative me t\u00eb njejtin em\u00ebr, \u00ebsht\u00eb paditur n\u00eb SPAK p\u00ebr \u201cabuzim me detyr\u00ebn\u201d.<\/p>\n<p>D\u00ebrgimin e \u00e7\u00ebshtjes n\u00eb ngarkim t\u00eb ish-kryetarit t\u00eb Komun\u00ebs Zejmen n\u00eb SPAK e konfirmon padit\u00ebsi i cili ka marr p\u00ebrgjigjen nga SPAK-u se i \u00ebsht\u00eb pranuar padia. Qytetari n\u00eb fjal\u00eb \u00ebsht\u00eb i vendosur q\u00eb \u00e7\u00ebshtjen e grabitjes s\u00eb pron\u00ebs s\u00eb tij ta ndjek\u00eb deri n\u00eb fund.<\/p>\n<p><strong>Objekt i padis\u00eb:<\/strong>\u00a0Fallsifikim dokumetash p\u00ebr tjet\u00ebrsim prone dhe shp\u00ebrdorim detyre. Kur ishte kryetar i Komun\u00ebs Zejmen gjat\u00eb mandatit 2007-2011 n\u00eb fshatin Tresh t\u00eb kesaj Komune me an\u00eb t\u00eb fallsifikimit t\u00eb dokumentave n\u00eb bshk\u00ebpunim me ish-kryeplakun e fshatit Tresh, z. Gjergj Marku ka tjet\u00ebrsuar pron\u00ebn e nj\u00eb banori t\u00eb fshatit Tresh t\u00eb asaj komune. Ish-kryetari i Komun\u00ebs Zejmen, z. Gjergj Malshi tani \u00ebsht\u00eb em\u00ebruar administrator i Nj\u00ebsis\u00eb Administrative Zejmen nga kryetari i Bashkis\u00eb Lezh\u00eb z. Pjerin Ndreu, nd\u00ebrsa ish kryeplaku i asaj kohe z. Gjergj Marku tani \u00ebsht\u00eb rizgjedhur kryeplak i fshatit Tresh. N\u00eb at\u00eb koh\u00eb pronari i pron\u00ebs s\u00eb tjet\u00ebrsuar e kishte paditur z. Gjergj Malshi n\u00eb prokurorin\u00eb e rrethit Gjyq\u00ebsor\u00eb Lezh\u00eb.<\/p>\n<p><strong>Nr. i padis\u00eb:\u00a0<\/strong>Protokoll nr. 3989 date 17.05.2013<\/p>\n<p><strong>Prokuror i \u00e7\u00ebshtjes:<\/strong>\u00a0Ervin Beqiri.<\/p>\n<p><strong>Objekti i padise:<\/strong>\u00a0Tjet\u00ebrsim prone me an\u00eb t\u00eb fallsifikimit t\u00eb dokumetave zyrtare.Shperdorim detyre. Kjo mb\u00ebshtetur n\u00eb nenin 186 dhe 248 te kodit penal.N\u00eb at\u00eb koh\u00eb prokuroria e rrethit gjyqsor\u00eb Lezh\u00eb e kishte mbyllur k\u00ebt\u00eb \u00e7\u00ebshtje pasi n\u00eb at\u00eb periudh\u00eb e lejonte ligji nj\u00eb gj\u00eb t\u00eb till\u00eb pa qen\u00eb nevoja e dergimit t\u00eb \u00e7\u00ebshtjes n\u00eb gjykat\u00eb.<\/p>\n<p>&nbsp;<\/p>","protected":false},"excerpt":{"rendered":"<p>Gjergj Marku, ish-kryetari i Komun\u00ebs Zejmen, sot i em\u00ebruar Administrator i Nj\u00ebsis\u00eb Administrative me t\u00eb njejtin em\u00ebr, \u00ebsht\u00eb paditur n\u00eb SPAK p\u00ebr \u201cabuzim me detyr\u00ebn\u201d. D\u00ebrgimin e \u00e7\u00ebshtjes n\u00eb ngarkim t\u00eb ish-kryetarit t\u00eb Komun\u00ebs Zejmen n\u00eb SPAK e konfirmon padit\u00ebsi i cili ka marr p\u00ebrgjigjen nga SPAK-u se i \u00ebsht\u00eb pranuar padia. Qytetari n\u00eb fjal\u00eb [&hellip;]<\/p>\n","protected":false},"author":2031,"featured_media":161803,"comment_status":"closed","ping_status":"closed","sticky":false,"template":"","format":"standard","meta":{"footnotes":""},"categories":[1],"tags":[],"class_list":{"0":"post-161802","1":"post","2":"type-post","3":"status-publish","4":"format-standard","5":"has-post-thumbnail","7":"category-uncategorized-sq"},"_links":{"self":[{"href":"https:\/\/zjarr.tv\/en\/wp-json\/wp\/v2\/posts\/161802","targetHints":{"allow":["GET"]}}],"collection":[{"href":"https:\/\/zjarr.tv\/en\/wp-json\/wp\/v2\/posts"}],"about":[{"href":"https:\/\/zjarr.tv\/en\/wp-json\/wp\/v2\/types\/post"}],"author":[{"embeddable":true,"href":"https:\/\/zjarr.tv\/en\/wp-json\/wp\/v2\/users\/2031"}],"replies":[{"embeddable":true,"href":"https:\/\/zjarr.tv\/en\/wp-json\/wp\/v2\/comments?post=161802"}],"version-history":[{"count":0,"href":"https:\/\/zjarr.tv\/en\/wp-json\/wp\/v2\/posts\/161802\/revisions"}],"wp:featuredmedia":[{"embeddable":true,"href":"https:\/\/zjarr.tv\/en\/wp-json\/wp\/v2\/media\/161803"}],"wp:attachment":[{"href":"https:\/\/zjarr.tv\/en\/wp-json\/wp\/v2\/media?parent=161802"}],"wp:term":[{"taxonomy":"category","embeddable":true,"href":"https:\/\/zjarr.tv\/en\/wp-json\/wp\/v2\/categories?post=161802"},{"taxonomy":"post_tag","embeddable":true,"href":"https:\/\/zjarr.tv\/en\/wp-json\/wp\/v2\/tags?post=161802"}],"curies":[{"name":"wp","href":"https:\/\/api.w.org\/{rel}","templated":true}]}}