{"id":161819,"date":"2021-02-03T11:19:55","date_gmt":"2021-02-03T10:19:55","guid":{"rendered":"https:\/\/zjarr.tv\/?p=161819"},"modified":"2021-02-03T11:19:55","modified_gmt":"2021-02-03T10:19:55","slug":"yuri-kim-i-kthen-pergjigje-kryeministrit-rama-skam-nevoje-te-me-tregoni-detyrat-ato-qe-une-kerkoj-i-kerkon-edhe-ligji","status":"publish","type":"post","link":"https:\/\/zjarr.tv\/en\/yuri-kim-i-kthen-pergjigje-kryeministrit-rama-skam-nevoje-te-me-tregoni-detyrat-ato-qe-une-kerkoj-i-kerkon-edhe-ligji\/","title":{"rendered":"Yuri Kim i kthen p\u00ebrgjigje Kryeministrit Rama: S\u2019kam nevoj\u00eb t\u00eb m\u00eb tregoni detyrat, ato q\u00eb un\u00eb k\u00ebrkoj i k\u00ebrkon edhe ligji\u2026"},"content":{"rendered":"<p>Ambasadorja Yuri Kim, i \u00ebsht\u00eb p\u00ebrgjigjur deklarat\u00ebs s\u00eb Kryeministrit Edi Rama, i cili u shpreh se; s\u2019ka nevoj\u00eb t\u2019i tregojn\u00eb detyrat. Nj\u00eb p\u00ebrplasje kjo n\u00eb distanc\u00eb, q\u00eb ka nisur pas thirrjes q\u00eb b\u00ebri pak dit\u00eb m\u00eb par\u00eb ambasadorja e SHBA p\u00ebr t\u00eb kaluar n\u00eb vetting kandidat\u00ebt p\u00ebr deputet\u00eb.<\/p>\n<p>Kim ka reaguar s\u00ebrish dhe p\u00ebrforcon thirrjen e saj se; kjo nuk duhet b\u00ebhet se e k\u00ebrkon nj\u00eb ambassador, por sepse e k\u00ebrkon ligji shqiptar.<\/p>\n<p>N\u00ebp\u00ebrmjet nj\u00eb postimi n\u00eb T\u00ebitter, Yuri Kim shkruan se; udh\u00ebheq\u00ebsit duhet t\u00eb pastrojn\u00eb listat, kjo sepse k\u00ebrkohet nga ligji shqiptar, pritet nga nj\u00eb aleat i NATO-s dhe aspirant i BE-s\u00eb, kjo \u00ebsht\u00eb nj\u00eb shenj\u00eb themelore e respektit p\u00ebr votuesit.<\/p>\n<p><em style=\"font-weight: inherit;\"> \u201cUdh\u00ebheq\u00ebsit e partive nuk duhet t\u00eb pastrojn\u00eb listat e tyre thjesht sepse disa ambasador\u00eb than\u00eb k\u00ebshtu ose sepse Shtetet e Bashkuara t\u00eb Amerik\u00ebs e ka b\u00ebr\u00eb t\u00eb qart\u00eb se korrupsioni \u00ebsht\u00eb nj\u00eb p\u00ebrpar\u00ebsi. Ata duhet ta b\u00ebjn\u00eb at\u00eb sepse k\u00ebrkohet nga ligji i Shqip\u00ebris\u00eb, pritet nga nj\u00eb aleat i NATO-s dhe aspirant i BE-s\u00eb, dhe kjo \u00ebsht\u00eb nj\u00eb shenj\u00eb themelore e respektit p\u00ebr votuesit\u201d<\/em>\u2013 \u00a0ka shkruar ambasadorja n\u00eb Twitter.<\/p>","protected":false},"excerpt":{"rendered":"<p>Ambasadorja Yuri Kim, i \u00ebsht\u00eb p\u00ebrgjigjur deklarat\u00ebs s\u00eb Kryeministrit Edi Rama, i cili u shpreh se; s\u2019ka nevoj\u00eb t\u2019i tregojn\u00eb detyrat. Nj\u00eb p\u00ebrplasje kjo n\u00eb distanc\u00eb, q\u00eb ka nisur pas thirrjes q\u00eb b\u00ebri pak dit\u00eb m\u00eb par\u00eb ambasadorja e SHBA p\u00ebr t\u00eb kaluar n\u00eb vetting kandidat\u00ebt p\u00ebr deputet\u00eb. Kim ka reaguar s\u00ebrish dhe p\u00ebrforcon thirrjen [&hellip;]<\/p>\n","protected":false},"author":2016,"featured_media":161821,"comment_status":"closed","ping_status":"closed","sticky":false,"template":"","format":"standard","meta":{"footnotes":""},"categories":[241],"tags":[1166],"class_list":{"0":"post-161819","1":"post","2":"type-post","3":"status-publish","4":"format-standard","5":"has-post-thumbnail","7":"category-aktualitet","8":"tag-lajme-zjarr-kim-i-kthen-pergjigje-kryeministrit-zjarr-tv"},"_links":{"self":[{"href":"https:\/\/zjarr.tv\/en\/wp-json\/wp\/v2\/posts\/161819","targetHints":{"allow":["GET"]}}],"collection":[{"href":"https:\/\/zjarr.tv\/en\/wp-json\/wp\/v2\/posts"}],"about":[{"href":"https:\/\/zjarr.tv\/en\/wp-json\/wp\/v2\/types\/post"}],"author":[{"embeddable":true,"href":"https:\/\/zjarr.tv\/en\/wp-json\/wp\/v2\/users\/2016"}],"replies":[{"embeddable":true,"href":"https:\/\/zjarr.tv\/en\/wp-json\/wp\/v2\/comments?post=161819"}],"version-history":[{"count":0,"href":"https:\/\/zjarr.tv\/en\/wp-json\/wp\/v2\/posts\/161819\/revisions"}],"wp:featuredmedia":[{"embeddable":true,"href":"https:\/\/zjarr.tv\/en\/wp-json\/wp\/v2\/media\/161821"}],"wp:attachment":[{"href":"https:\/\/zjarr.tv\/en\/wp-json\/wp\/v2\/media?parent=161819"}],"wp:term":[{"taxonomy":"category","embeddable":true,"href":"https:\/\/zjarr.tv\/en\/wp-json\/wp\/v2\/categories?post=161819"},{"taxonomy":"post_tag","embeddable":true,"href":"https:\/\/zjarr.tv\/en\/wp-json\/wp\/v2\/tags?post=161819"}],"curies":[{"name":"wp","href":"https:\/\/api.w.org\/{rel}","templated":true}]}}