{"id":161827,"date":"2021-02-03T11:44:58","date_gmt":"2021-02-03T10:44:58","guid":{"rendered":"https:\/\/zjarr.tv\/?p=161827"},"modified":"2021-02-03T11:44:58","modified_gmt":"2021-02-03T10:44:58","slug":"gjergj-bojaxhi-model-suksesi-ne-shqiperi-eshte-studenti-qe-hyn-te-partia-politike","status":"publish","type":"post","link":"https:\/\/zjarr.tv\/en\/gjergj-bojaxhi-model-suksesi-ne-shqiperi-eshte-studenti-qe-hyn-te-partia-politike\/","title":{"rendered":"Gjergj Bojaxhi: Model suksesi n\u00eb Shqip\u00ebri, \u00ebsht\u00eb studenti q\u00eb hyn te partia politike\u2026"},"content":{"rendered":"<p>Gjergj Bojaxhi,ishte i ftuar n\u00eb emisionin \u201cOpinion\u201d, ku foli p\u00ebr arsyet q\u00eb i shtyjn\u00eb t\u00eb rinjt\u00eb shqiptar\u00eb, p\u00ebr t\u2019u larguar jasht\u00eb vendit ku u shpreh se; \u00a0ata shkojn\u00eb aty ku kan\u00eb oportunitete m\u00eb t\u00eb qarta. Nd\u00ebr t\u00eb tjera, Bojaxhi u shpreh se; modeli i suksesit n\u00eb Shqip\u00ebri, \u00ebsht\u00eb studenti q\u00eb hyn tek partia politike dhe b\u00ebhet drejtor, nd\u00ebrsa e cil\u00ebsoi Shqip\u00ebrin\u00eb nj\u00eb vend me st\u00ebrk\u00ebmb\u00ebsha, n\u00eb \u00e7do cep.<\/p>\n<p>\u201cN\u00eb Shqip\u00ebri kthehen vet\u00ebm dy lloj njer\u00ebzish; ose ata q\u00eb kan\u00eb d\u00ebshtuar, ose ata q\u00eb e kan\u00eb thirrje. Un\u00eb e kam thirrje. Un\u00eb si prind e kam shum\u00eb v\u00ebshtir\u00eb t\u2019u them f\u00ebmij\u00ebve t\u00eb mi duhet t\u00eb jetoni k\u00ebtu. Mund t\u2019u them kam d\u00ebshir\u00eb t\u00eb jetoni n\u00eb Shqip\u00ebri, t\u2019ua \u00ebmb\u00eblsoj. N\u00eb qoft\u00eb se shumica e njer\u00ebzve n\u00eb jet\u00eb nuk jan\u00eb d\u00ebshtak\u00eb dhe as e kan\u00eb thirrje, por jan\u00eb njer\u00ebz normal\u00eb, at\u00ebher\u00eb kjo kategori do t\u00eb shkoj\u00eb aty ku ka oportunitet m\u00eb t\u00eb qarta. Oportunitet m\u00eb t\u00eb qarta nuk i ka n\u00eb Shqip\u00ebri. Shqip\u00ebria \u00ebsht\u00eb vend me st\u00ebrk\u00ebmb\u00ebsha n\u00eb \u00e7do cep. Modeli i suksesit n\u00eb Shq\u00ebip\u00ebri \u00ebsht\u00eb studenti q\u00eb hyn tek partia politike dhe b\u00ebhet drejtor\u201d, k\u00ebshtu u shpreh Gjergj Bojaxhi.<\/p>","protected":false},"excerpt":{"rendered":"<p>Gjergj Bojaxhi,ishte i ftuar n\u00eb emisionin \u201cOpinion\u201d, ku foli p\u00ebr arsyet q\u00eb i shtyjn\u00eb t\u00eb rinjt\u00eb shqiptar\u00eb, p\u00ebr t\u2019u larguar jasht\u00eb vendit ku u shpreh se; \u00a0ata shkojn\u00eb aty ku kan\u00eb oportunitete m\u00eb t\u00eb qarta. Nd\u00ebr t\u00eb tjera, Bojaxhi u shpreh se; modeli i suksesit n\u00eb Shqip\u00ebri, \u00ebsht\u00eb studenti q\u00eb hyn tek partia politike dhe [&hellip;]<\/p>\n","protected":false},"author":2016,"featured_media":161829,"comment_status":"closed","ping_status":"closed","sticky":false,"template":"","format":"standard","meta":{"footnotes":""},"categories":[241],"tags":[1168],"class_list":{"0":"post-161827","1":"post","2":"type-post","3":"status-publish","4":"format-standard","5":"has-post-thumbnail","7":"category-aktualitet","8":"tag-lajme-zjarr-bojaxhi-flet-per-largimin-e-te-rinjve-zjarr-tv"},"_links":{"self":[{"href":"https:\/\/zjarr.tv\/en\/wp-json\/wp\/v2\/posts\/161827","targetHints":{"allow":["GET"]}}],"collection":[{"href":"https:\/\/zjarr.tv\/en\/wp-json\/wp\/v2\/posts"}],"about":[{"href":"https:\/\/zjarr.tv\/en\/wp-json\/wp\/v2\/types\/post"}],"author":[{"embeddable":true,"href":"https:\/\/zjarr.tv\/en\/wp-json\/wp\/v2\/users\/2016"}],"replies":[{"embeddable":true,"href":"https:\/\/zjarr.tv\/en\/wp-json\/wp\/v2\/comments?post=161827"}],"version-history":[{"count":0,"href":"https:\/\/zjarr.tv\/en\/wp-json\/wp\/v2\/posts\/161827\/revisions"}],"wp:featuredmedia":[{"embeddable":true,"href":"https:\/\/zjarr.tv\/en\/wp-json\/wp\/v2\/media\/161829"}],"wp:attachment":[{"href":"https:\/\/zjarr.tv\/en\/wp-json\/wp\/v2\/media?parent=161827"}],"wp:term":[{"taxonomy":"category","embeddable":true,"href":"https:\/\/zjarr.tv\/en\/wp-json\/wp\/v2\/categories?post=161827"},{"taxonomy":"post_tag","embeddable":true,"href":"https:\/\/zjarr.tv\/en\/wp-json\/wp\/v2\/tags?post=161827"}],"curies":[{"name":"wp","href":"https:\/\/api.w.org\/{rel}","templated":true}]}}