{"id":161832,"date":"2021-02-03T12:10:17","date_gmt":"2021-02-03T11:10:17","guid":{"rendered":"https:\/\/zjarr.tv\/?p=161832"},"modified":"2021-02-03T12:10:17","modified_gmt":"2021-02-03T11:10:17","slug":"blendi-fevziu-ironizon-keq-deputetet-me-moshen-i-njeh-me-mire-budallenjte","status":"publish","type":"post","link":"https:\/\/zjarr.tv\/en\/blendi-fevziu-ironizon-keq-deputetet-me-moshen-i-njeh-me-mire-budallenjte\/","title":{"rendered":"Blendi Fevziu ironizon keq deputet\u00ebt: Me mosh\u00ebn i njeh m\u00eb mir\u00eb budallenjt\u00eb\u2026"},"content":{"rendered":"<p>Blendi Fevziu, ka ironizuar deputet\u00ebt e Kuvendit, sa i p\u00ebrket nivelit t\u00eb \u00a0tyre intelektual. N\u00eb nj\u00eb debat me deputeten socialiste, Blerina Gjylameti, Fevziu \u00ebsht\u00eb shprehur me ironi se; me kalimin e mosh\u00ebs i njeh m\u00eb mir\u00eb, personat m\u00eb pak t\u00eb men\u00e7ur, duke pretenduar se n\u00eb Kuvendin e par\u00eb pluralist, ka pasur m\u00eb shum\u00eb intelektual\u00eb.<\/p>\n<p>Pjes\u00eb nga biseda:<\/p>\n<p>Blendi Fevziu:\u00a0<em style=\"font-weight: inherit;\">Q\u00eb t\u00eb kemi harxhuar kosto p\u00ebr t\u00eb b\u00ebr\u00eb k\u00ebta deputet\u00eb q\u00eb ka parlamenti yn\u00eb\u2026 Blerina si rri atje n\u00eb parlament do ma thuash pak.<\/em><\/p>\n<p>Blerina Gjylameti:\u00a0<em style=\"font-weight: inherit;\">Ka diferenc\u00eb t\u00eb madhe, mes t\u00eb qenit spektator dhe aktor. Keni qen\u00eb edhe aktor para disa vitesh, dhe aktor sot. E ke shum\u00eb kollaj t\u00eb gjykosh dhe t\u00eb p\u00ebrgjith\u00ebsosh. Nuk mendoj q\u00eb shk\u00eblqen apo nxin \u00e7do gj\u00eb. N\u00eb \u00e7do fush\u00eb q\u00eb ka njer\u00ebz q\u00eb shk\u00eblqejn\u00eb dhe jo. Politika \u00ebsht\u00eb ajo q\u00eb ka prodhuar shoq\u00ebria. Shoq\u00ebria ka prodhuar k\u00ebt\u00eb politik\u00eb q\u00eb kemi. Blendi je b\u00ebr\u00eb nostalgjik, \u00ebsht\u00eb me mosh\u00eb kjo.<\/em><\/p>\n<p>Blendi Fevziu:<em style=\"font-weight: inherit;\">\u00a0E di! Me mosh\u00eb i kupton m\u00eb mir\u00eb gj\u00ebrat, budallenjt\u00eb i njeh m\u00eb mir\u00eb.<\/em><\/p>","protected":false},"excerpt":{"rendered":"<p>Blendi Fevziu, ka ironizuar deputet\u00ebt e Kuvendit, sa i p\u00ebrket nivelit t\u00eb \u00a0tyre intelektual. N\u00eb nj\u00eb debat me deputeten socialiste, Blerina Gjylameti, Fevziu \u00ebsht\u00eb shprehur me ironi se; me kalimin e mosh\u00ebs i njeh m\u00eb mir\u00eb, personat m\u00eb pak t\u00eb men\u00e7ur, duke pretenduar se n\u00eb Kuvendin e par\u00eb pluralist, ka pasur m\u00eb shum\u00eb intelektual\u00eb. Pjes\u00eb [&hellip;]<\/p>\n","protected":false},"author":2016,"featured_media":161834,"comment_status":"closed","ping_status":"closed","sticky":false,"template":"","format":"standard","meta":{"footnotes":""},"categories":[241],"tags":[1169],"class_list":{"0":"post-161832","1":"post","2":"type-post","3":"status-publish","4":"format-standard","5":"has-post-thumbnail","7":"category-aktualitet","8":"tag-lajme-zjarr-fevziu-ironizon-keq-deputetet-zjarr-tv"},"_links":{"self":[{"href":"https:\/\/zjarr.tv\/en\/wp-json\/wp\/v2\/posts\/161832","targetHints":{"allow":["GET"]}}],"collection":[{"href":"https:\/\/zjarr.tv\/en\/wp-json\/wp\/v2\/posts"}],"about":[{"href":"https:\/\/zjarr.tv\/en\/wp-json\/wp\/v2\/types\/post"}],"author":[{"embeddable":true,"href":"https:\/\/zjarr.tv\/en\/wp-json\/wp\/v2\/users\/2016"}],"replies":[{"embeddable":true,"href":"https:\/\/zjarr.tv\/en\/wp-json\/wp\/v2\/comments?post=161832"}],"version-history":[{"count":0,"href":"https:\/\/zjarr.tv\/en\/wp-json\/wp\/v2\/posts\/161832\/revisions"}],"wp:featuredmedia":[{"embeddable":true,"href":"https:\/\/zjarr.tv\/en\/wp-json\/wp\/v2\/media\/161834"}],"wp:attachment":[{"href":"https:\/\/zjarr.tv\/en\/wp-json\/wp\/v2\/media?parent=161832"}],"wp:term":[{"taxonomy":"category","embeddable":true,"href":"https:\/\/zjarr.tv\/en\/wp-json\/wp\/v2\/categories?post=161832"},{"taxonomy":"post_tag","embeddable":true,"href":"https:\/\/zjarr.tv\/en\/wp-json\/wp\/v2\/tags?post=161832"}],"curies":[{"name":"wp","href":"https:\/\/api.w.org\/{rel}","templated":true}]}}